{"id":3143,"date":"2022-04-06T19:29:15","date_gmt":"2022-04-06T19:29:15","guid":{"rendered":"https:\/\/espacioseducativos.ar\/nueva\/?p=3143"},"modified":"2022-05-05T12:45:29","modified_gmt":"2022-05-05T12:45:29","slug":"se-dio-inicio-al-proyecto-periodicos-ana-frank-escribio-su-diario-nositrs-escribimos-el-nuestro","status":"publish","type":"post","link":"https:\/\/espacioseducativos.ar\/nueva\/se-dio-inicio-al-proyecto-periodicos-ana-frank-escribio-su-diario-nositrs-escribimos-el-nuestro\/","title":{"rendered":"Se dio inicio al Proyecto peri\u00f3dicos: \u00abAna Frank escribi\u00f3 su diario, nosotr@s escribimos el nuestro\u00bb"},"content":{"rendered":"\t\t<div data-elementor-type=\"wp-post\" data-elementor-id=\"3143\" class=\"elementor elementor-3143\">\n\t\t\t\t\t\t<section class=\"elementor-section elementor-top-section elementor-element elementor-element-5da7ffd7 elementor-section-boxed elementor-section-height-default elementor-section-height-default\" data-id=\"5da7ffd7\" data-element_type=\"section\" data-e-type=\"section\">\r\n\t\t\t\t\t\t<div class=\"elementor-container elementor-column-gap-thegem\"><div class=\"elementor-row\">\r\n\t\t\t\t\t<div class=\"elementor-column elementor-col-100 elementor-top-column elementor-element elementor-element-1de7d33f\" data-id=\"1de7d33f\" data-element_type=\"column\" data-e-type=\"column\">\n\t\t\t<div class=\"elementor-widget-wrap elementor-element-populated\">\n\t\t\t\t\t\t<div class=\"elementor-element elementor-element-4139f5c5 flex-horizontal-align-default flex-horizontal-align-tablet-default flex-horizontal-align-mobile-default flex-vertical-align-default flex-vertical-align-tablet-default flex-vertical-align-mobile-default elementor-widget elementor-widget-text-editor\" data-id=\"4139f5c5\" data-element_type=\"widget\" data-e-type=\"widget\" data-widget_type=\"text-editor.default\">\n\t\t\t\t<div class=\"elementor-widget-container\">\n\t\t\t\t\t\t\t\t\t\t\t\t<div class=\"elementor-text-editor elementor-clearfix\">\r\n\t\t\t\t\t\t<p>Espacios Educativos en conjunto con el Centro Ana Frank Argentina, organizan esta propuesta educativa en la provincia de Santa Fe, cuyo objetivo es promover la escritura grupal y la reflexi\u00f3n en torno a temas relacionados con Ana Frank, el nazismo, la \u00faltima dictadura c\u00edvico-militar en Argentina, los Derechos Humanos y otros temas de actualidad vinculados a la convivencia y la diversidad.<\/p><p>Durante el mes de abril y mayo se estar\u00e1n desarrollando talleres para los alumnos y los docentes inscriptos. En el taller de escritura period\u00edstica (dirigido a las\/los docentes) se abordar\u00e1n algunas t\u00e9cnicas de la comunicaci\u00f3n escrita y g\u00e9neros period\u00edsticos. En el taller de sensibilizaci\u00f3n (dirigido a las\/los alumnos), se trabajar\u00e1 con recursos y actividades l\u00fadicas, reflexivas e interactivas, destinadas a introducir los diferentes ejes sobre los que se propone la realizaci\u00f3n de las piezas comunicacionales. Adem\u00e1s, se proporcionar\u00e1 una caja de herramientas digitales, con materiales de consulta.<\/p><p>Entre mayo y junio, cada docente trabajar\u00e1 en el aula para la elaboraci\u00f3n de 5 piezas originales, abordando las tem\u00e1ticas propuestas. Las\/los docentes tienen tiempo de realizar la devoluci\u00f3n de los art\u00edculos period\u00edsticos producidos hasta el 1\u00b0 de julio de 2022.<\/p><p>Luego, en una instancia intermedia, un equipo de dise\u00f1adores convertir\u00e1 el material recibido en un panel por escuela que simula la p\u00e1gina de un peri\u00f3dico. Este se conforma con el nombre del peri\u00f3dico elegido, y todas las notas con textos e im\u00e1genes.<span class=\"Apple-converted-space\">\u00a0<\/span><\/p><p>Finalmente, se realizar\u00e1 una compilaci\u00f3n, edici\u00f3n y dise\u00f1o de un peri\u00f3dico que integra una nota de cada una de las producciones grupales presentadas por cada docente. El Peri\u00f3dico luego se imprime y se le entrega uno a cada participante de la propuesta.<\/p>\t\t\t\t\t\t\t<\/div>\r\n\t\t\t\t\t\t\t\t\t\t<\/div>\n\t\t\t\t<\/div>\n\t\t\t\t\t<\/div>\n\t\t<\/div>\n\t\t\t\t\t<\/div><\/div>\r\n\t\t<\/section>\r\n\t\t\t\t<\/div>\n\t\t","protected":false},"excerpt":{"rendered":"<p>M\u00e1s de 30 docentes de escuelas primarias y secundarias de la provincia de Santa Fe se inscribieron y participaron de una primera reuni\u00f3n informativa de esta propuesta, que se desarrolla por primera vez de forma aut\u00f3noma en la Provincia de Santa Fe.<\/p>\n","protected":false},"author":2,"featured_media":3148,"comment_status":"closed","ping_status":"closed","sticky":false,"template":"single-fullwidth.php","format":"standard","meta":{"footnotes":""},"categories":[26],"tags":[29,30],"class_list":{"0":"post-3143","1":"post","2":"type-post","3":"status-publish","4":"format-standard","5":"has-post-thumbnail","7":"category-ana_frank","8":"tag-ana-frank","9":"tag-periodicos"},"menu_order":0,"_links":{"self":[{"href":"https:\/\/espacioseducativos.ar\/nueva\/wp-json\/wp\/v2\/posts\/3143","targetHints":{"allow":["GET"]}}],"collection":[{"href":"https:\/\/espacioseducativos.ar\/nueva\/wp-json\/wp\/v2\/posts"}],"about":[{"href":"https:\/\/espacioseducativos.ar\/nueva\/wp-json\/wp\/v2\/types\/post"}],"author":[{"embeddable":true,"href":"https:\/\/espacioseducativos.ar\/nueva\/wp-json\/wp\/v2\/users\/2"}],"replies":[{"embeddable":true,"href":"https:\/\/espacioseducativos.ar\/nueva\/wp-json\/wp\/v2\/comments?post=3143"}],"version-history":[{"count":9,"href":"https:\/\/espacioseducativos.ar\/nueva\/wp-json\/wp\/v2\/posts\/3143\/revisions"}],"predecessor-version":[{"id":3274,"href":"https:\/\/espacioseducativos.ar\/nueva\/wp-json\/wp\/v2\/posts\/3143\/revisions\/3274"}],"wp:featuredmedia":[{"embeddable":true,"href":"https:\/\/espacioseducativos.ar\/nueva\/wp-json\/wp\/v2\/media\/3148"}],"wp:attachment":[{"href":"https:\/\/espacioseducativos.ar\/nueva\/wp-json\/wp\/v2\/media?parent=3143"}],"wp:term":[{"taxonomy":"category","embeddable":true,"href":"https:\/\/espacioseducativos.ar\/nueva\/wp-json\/wp\/v2\/categories?post=3143"},{"taxonomy":"post_tag","embeddable":true,"href":"https:\/\/espacioseducativos.ar\/nueva\/wp-json\/wp\/v2\/tags?post=3143"}],"curies":[{"name":"wp","href":"https:\/\/api.w.org\/{rel}","templated":true}]}}