{"id":3605,"date":"2022-05-12T13:20:00","date_gmt":"2022-05-12T13:20:00","guid":{"rendered":"https:\/\/espacioseducativos.ar\/nueva\/?p=3605"},"modified":"2022-05-16T17:05:55","modified_gmt":"2022-05-16T17:05:55","slug":"proyecto-de-simulacion-de-juicios-de-la-corte-penal-internacional","status":"publish","type":"post","link":"https:\/\/espacioseducativos.ar\/nueva\/proyecto-de-simulacion-de-juicios-de-la-corte-penal-internacional\/","title":{"rendered":"Proyecto de simulaci\u00f3n de juicios de la Corte Penal Internacional"},"content":{"rendered":"\t\t<div data-elementor-type=\"wp-post\" data-elementor-id=\"3605\" class=\"elementor elementor-3605\">\n\t\t\t\t\t\t<section class=\"elementor-section elementor-top-section elementor-element elementor-element-1a2a82c6 elementor-section-boxed elementor-section-height-default elementor-section-height-default\" data-id=\"1a2a82c6\" data-element_type=\"section\" data-e-type=\"section\">\r\n\t\t\t\t\t\t<div class=\"elementor-container elementor-column-gap-thegem\"><div class=\"elementor-row\">\r\n\t\t\t\t\t<div class=\"elementor-column elementor-col-100 elementor-top-column elementor-element elementor-element-239f6de9\" data-id=\"239f6de9\" data-element_type=\"column\" data-e-type=\"column\">\n\t\t\t<div class=\"elementor-widget-wrap elementor-element-populated\">\n\t\t\t\t\t\t<div class=\"elementor-element elementor-element-146c0b84 flex-horizontal-align-default flex-horizontal-align-tablet-default flex-horizontal-align-mobile-default flex-vertical-align-default flex-vertical-align-tablet-default flex-vertical-align-mobile-default elementor-widget elementor-widget-text-editor\" data-id=\"146c0b84\" data-element_type=\"widget\" data-e-type=\"widget\" data-widget_type=\"text-editor.default\">\n\t\t\t\t<div class=\"elementor-widget-container\">\n\t\t\t\t\t\t\t\t\t\t\t\t<div class=\"elementor-text-editor elementor-clearfix\">\r\n\t\t\t\t\t\t<p><\/p>\n<p>Nueva propuesta de Espacios Educativos y el Centro Ana Frank.<\/p>\n<p><\/p>\n<p><\/p>\n<p>Se encuentra abierta la convocatoria para j\u00f3venes que quieran ser parte del primer <strong>Modelo de Simulaci\u00f3n de juicios de la Corte Penal Internacional <\/strong>que se realiza en la ciudad de Santa Fe.<\/p>\n<p><\/p>\n<p><\/p>\n<p>En la propuesta, los y las estudiantes desempe\u00f1ar\u00e1n el rol de jueces, defensores, fiscales y prensa. Quienes participen, recibir\u00e1n una serie de capacitaciones y talleres previos a la simulaci\u00f3n, en donde adquirir\u00e1n herramientas y conocimientos vinculados al trabajo de dichos roles, los Derechos Humanos, el contexto hist\u00f3rico de los casos a abordar, la justicia transicional, y la argumentaci\u00f3n legal y pr\u00e1ctica. Tambi\u00e9n se abordar\u00e1n aspectos vinculados a la educaci\u00f3n en entornos post-conflicto y, fundamentalmente, la importancia y el funcionamiento de la Corte Penal Internacional.<\/p>\n<p><\/p>\n<p><\/p>\n<p>El requisito para participar es estar cursando los \u00faltimos dos a\u00f1os de educaci\u00f3n secundaria o 1\u00ba o 2\u00ba a\u00f1o de un terciario o Universidad -de cualquier carrera-, as\u00ed como cumplir con las capacitaciones previstas. Para postularse deben completar el formulario ingresando al siguiente link: www.espacioseducativos\/mcpi. Hay tiempo hasta el 15 de mayo para realizar esta pre-inscripci\u00f3n para tener acceso a la primera reuni\u00f3n virtual de postulantes, que se realizar\u00e1 el d\u00eda lunes 16 de mayo.<\/p>\n<p><\/p>\n<p><\/p>\n<p><b>Sobre Espacios Educativos&nbsp;<\/b><\/p>\n<p><\/p>\n<p><\/p>\n<p>Ofrece m\u00faltiples propuestas vinculadas a la tem\u00e1tica de los Derechos Humanos y es sede del Centro Ana Frank en la ciudad. Su coordinador, Leonardo Simoniello, haciendo referencia a esta propuesta en particular se\u00f1al\u00f3: \u201cEducar y trabajar en torno a los Derechos Humanos, las responsabilidades y los roles a ocupar es fundamental para desarrollar el pensamiento cr\u00edtico, para brindar espacios para la reflexi\u00f3n y para poder poner en el foco nuestro propio comportamiento y actitudes\u201d.<\/p>\n<p><\/p>\n<p><\/p>\n<p>Desde el equipo, se\u00f1alan que la propuesta busca adem\u00e1s \u201ccrear conciencia sobre los Derechos Humanos y educar sobre los m\u00e9todos para su protecci\u00f3n\u201d.<\/p>\n<p><\/p>\n<p><\/p>\n<p>M\u00e1s informaci\u00f3n en: contactos@espacioseducativos.ar o al WhatsApp 342 5910865.<\/p>\n<p><\/p>\t\t\t\t\t\t\t<\/div>\r\n\t\t\t\t\t\t\t\t\t\t<\/div>\n\t\t\t\t<\/div>\n\t\t\t\t\t<\/div>\n\t\t<\/div>\n\t\t\t\t\t<\/div><\/div>\r\n\t\t<\/section>\r\n\t\t\t\t<\/div>\n\t\t","protected":false},"excerpt":{"rendered":"<p>Nueva propuesta de Espacios Educativos y el Centro Ana Frank. Se encuentra abierta la convocatoria para j\u00f3venes que quieran ser&#8230;<\/p>\n","protected":false},"author":2,"featured_media":3612,"comment_status":"open","ping_status":"open","sticky":false,"template":"single-fullwidth.php","format":"standard","meta":{"footnotes":""},"categories":[26],"tags":[],"class_list":{"0":"post-3605","1":"post","2":"type-post","3":"status-publish","4":"format-standard","5":"has-post-thumbnail","7":"category-ana_frank"},"menu_order":0,"_links":{"self":[{"href":"https:\/\/espacioseducativos.ar\/nueva\/wp-json\/wp\/v2\/posts\/3605","targetHints":{"allow":["GET"]}}],"collection":[{"href":"https:\/\/espacioseducativos.ar\/nueva\/wp-json\/wp\/v2\/posts"}],"about":[{"href":"https:\/\/espacioseducativos.ar\/nueva\/wp-json\/wp\/v2\/types\/post"}],"author":[{"embeddable":true,"href":"https:\/\/espacioseducativos.ar\/nueva\/wp-json\/wp\/v2\/users\/2"}],"replies":[{"embeddable":true,"href":"https:\/\/espacioseducativos.ar\/nueva\/wp-json\/wp\/v2\/comments?post=3605"}],"version-history":[{"count":6,"href":"https:\/\/espacioseducativos.ar\/nueva\/wp-json\/wp\/v2\/posts\/3605\/revisions"}],"predecessor-version":[{"id":3613,"href":"https:\/\/espacioseducativos.ar\/nueva\/wp-json\/wp\/v2\/posts\/3605\/revisions\/3613"}],"wp:featuredmedia":[{"embeddable":true,"href":"https:\/\/espacioseducativos.ar\/nueva\/wp-json\/wp\/v2\/media\/3612"}],"wp:attachment":[{"href":"https:\/\/espacioseducativos.ar\/nueva\/wp-json\/wp\/v2\/media?parent=3605"}],"wp:term":[{"taxonomy":"category","embeddable":true,"href":"https:\/\/espacioseducativos.ar\/nueva\/wp-json\/wp\/v2\/categories?post=3605"},{"taxonomy":"post_tag","embeddable":true,"href":"https:\/\/espacioseducativos.ar\/nueva\/wp-json\/wp\/v2\/tags?post=3605"}],"curies":[{"name":"wp","href":"https:\/\/api.w.org\/{rel}","templated":true}]}}