{"id":4390,"date":"2022-11-02T15:59:48","date_gmt":"2022-11-02T15:59:48","guid":{"rendered":"https:\/\/espacioseducativos.ar\/nueva\/?p=4390"},"modified":"2023-07-07T00:11:05","modified_gmt":"2023-07-07T00:11:05","slug":"el-espacio-ana-frank-cierra-su-ciclo-de-itinerancia-por-la-provincia-de-santa-fe","status":"publish","type":"post","link":"https:\/\/espacioseducativos.ar\/nueva\/el-espacio-ana-frank-cierra-su-ciclo-de-itinerancia-por-la-provincia-de-santa-fe\/","title":{"rendered":"El \u201cEspacio Ana Frank\u201d cierra su ciclo de itinerancia por la provincia de Santa Fe."},"content":{"rendered":"\t\t<div data-elementor-type=\"wp-post\" data-elementor-id=\"4390\" class=\"elementor elementor-4390\">\n\t\t\t\t\t\t<section class=\"elementor-section elementor-top-section elementor-element elementor-element-1a2a82c6 elementor-section-boxed elementor-section-height-default elementor-section-height-default\" data-id=\"1a2a82c6\" data-element_type=\"section\" data-e-type=\"section\">\r\n\t\t\t\t\t\t<div class=\"elementor-container elementor-column-gap-thegem\"><div class=\"elementor-row\">\r\n\t\t\t\t\t<div class=\"elementor-column elementor-col-100 elementor-top-column elementor-element elementor-element-239f6de9\" data-id=\"239f6de9\" data-element_type=\"column\" data-e-type=\"column\">\n\t\t\t<div class=\"elementor-widget-wrap elementor-element-populated\">\n\t\t\t\t\t\t<div class=\"elementor-element elementor-element-146c0b84 flex-horizontal-align-default flex-horizontal-align-tablet-default flex-horizontal-align-mobile-default flex-vertical-align-default flex-vertical-align-tablet-default flex-vertical-align-mobile-default elementor-widget elementor-widget-text-editor\" data-id=\"146c0b84\" data-element_type=\"widget\" data-e-type=\"widget\" data-widget_type=\"text-editor.default\">\n\t\t\t\t<div class=\"elementor-widget-container\">\n\t\t\t\t\t\t\t\t\t\t\t\t<div class=\"elementor-text-editor elementor-clearfix\">\r\n\t\t\t\t\t\t<p><\/p>\n<p dir=\"ltr\" style=\"line-height: 1.38; text-align: justify; margin-top: 6pt; margin-bottom: 6pt;\"><span style=\"font-size: 12pt; font-family: Calibri,sans-serif; color: #000000; background-color: transparent; font-weight: 400; font-style: normal; font-variant: normal; text-decoration: none; vertical-align: baseline; white-space: pre-wrap;\">Espacios Educativos en conjunto con el Centro Ana Frank Argentina organiza<strong> la itinerancia del \u201cEspacio Ana Frank\u201d en la Provincia de Santa Fe.<\/strong> Se trata de una propuesta educativa e hist\u00f3rica que busca traspasar las barreras del tiempo para pensar los roles en las situaciones de violencia en la actualidad.<\/span><\/p>\n<p dir=\"ltr\" style=\"line-height: 1.38; text-align: justify; margin-top: 6pt; margin-bottom: 6pt;\"><span style=\"font-size: 12pt; font-family: Calibri,sans-serif; color: #000000; background-color: transparent; font-weight: 400; font-style: normal; font-variant: normal; text-decoration: none; vertical-align: baseline; white-space: pre-wrap;\"><strong>A lo largo del 2022 lleg\u00f3 a 13 localidades de la provincia<\/strong>, gracias al trabajo y la voluntad de muchas personas e instituciones. En cada una de las localidades nos encontramos con j\u00f3venes y adultos que asumieron un compromiso que es para siempre\u2026 seguir construyendo espacios de protecci\u00f3n, a partir del legado de Ana.<\/span><\/p>\n<p dir=\"ltr\" style=\"line-height: 1.38; text-align: justify; margin-top: 6pt; margin-bottom: 6pt;\"><span style=\"font-size: 12pt; font-family: Calibri,sans-serif; color: #000000; background-color: transparent; font-weight: 400; font-style: normal; font-variant: normal; text-decoration: none; vertical-align: baseline; white-space: pre-wrap;\">En el primer semestre, este espacio recorri\u00f3 las localidades de <strong>Elisa, Soledad, G\u00e1lvez, Monje, Barrancas, San Genaro y Coronda.<\/strong> En el segundo semestre, adem\u00e1s estuvo en <strong>San Carlos Centro, Ceres, Hersilia, Ambrosetti, San Javier y La Ciudad de Santa Fe.<\/strong><\/span><\/p>\n<p dir=\"ltr\" style=\"line-height: 1.38; text-align: justify; margin-top: 6pt; margin-bottom: 6pt;\"><span style=\"font-size: 12pt; font-family: Calibri,sans-serif; color: #000000; background-color: transparent; font-weight: 400; font-style: normal; font-variant: normal; text-decoration: none; vertical-align: baseline; white-space: pre-wrap;\">A este espacio lo componen las muestras \u201cAna Frank: una historia vigente\u201d, \u201cHistorias de desobediencias en medio del horror. Elegir la dignidad humana\u201d, el video \u201cLa corta vida de Ana Frank\u201d y el taller \u201cLibertad de Reflexionar\u201d.\u00a0<\/span><\/p>\n<p dir=\"ltr\" style=\"line-height: 1.38; text-align: justify; margin-top: 6pt; margin-bottom: 6pt;\"><span style=\"font-size: 12pt; font-family: Calibri,sans-serif; color: #000000; background-color: transparent; font-weight: 400; font-style: normal; font-variant: normal; text-decoration: none; vertical-align: baseline; white-space: pre-wrap;\">La historia de Ana Frank, al igual que de las millones de personas en el contexto del nazismo y la segunda guerra mundial, es una historia atravesada por las violencias que se ve reflejada en la actualidad y que nos motiva a hacer de la historia una pedagog\u00eda de la memoria y la esperanza. <strong>Convoca a cientos de j\u00f3venes entre 15 y 23 a\u00f1os que se inspiran en Ana Frank y deciden formarse para ser gu\u00edas voluntarios del espacio<\/strong> y los miles de visitantes de instituciones educativas y p\u00fablico general que recibe.\u00a0<\/span><\/p>\n<p dir=\"ltr\" style=\"line-height: 1.38; text-align: justify; margin-top: 6pt; margin-bottom: 6pt;\"><span style=\"font-size: 12pt; font-family: Calibri,sans-serif; color: #000000; background-color: transparent; font-weight: 400; font-style: normal; font-variant: normal; text-decoration: none; vertical-align: baseline; white-space: pre-wrap;\">Este a\u00f1o, en la provincia <strong>m\u00e1s de 240 j\u00f3venes voluntarios se capacitaron<\/strong> en el desarrollo pol\u00edtico-econ\u00f3mico del nazismo (1933-1945), La Sho\u00e1 (Holocauto), Ana Frank, Desobediencias, Derechos Humanos, y Roles en situaciones de violencia, para ejercer el rol de gu\u00edas del Espacio.<\/span><\/p>\n<p dir=\"ltr\" style=\"line-height: 1.38; text-align: justify; margin-top: 6pt; margin-bottom: 6pt;\"><span style=\"font-size: 12pt; font-family: Calibri,sans-serif; color: #000000; background-color: transparent; font-weight: 400; font-style: normal; font-variant: normal; text-decoration: none; vertical-align: baseline; white-space: pre-wrap;\">Adem\u00e1s, en total el Espacio recibi\u00f3 a m\u00e1s de 10.000 estudiantes de las diferentes instituciones educativas de la provincia y tambi\u00e9n a 3500 personas de p\u00fablico general que, interesados en la propuesta, decidieron visitar el espacio.\u00a0<\/span><\/p>\n<p dir=\"ltr\" style=\"line-height: 1.38; text-align: justify; margin-top: 6pt; margin-bottom: 6pt;\"><span style=\"font-size: 12pt; font-family: Calibri,sans-serif; color: #000000; background-color: transparent; font-weight: 400; font-style: normal; font-variant: normal; text-decoration: none; vertical-align: baseline; white-space: pre-wrap;\">Ya estamos planificando con las localidades interesadas en recibir el Espacio Ana Frank para el ciclo 2023 y que tambi\u00e9n se sumar\u00e1n a esta propuesta de transmisi\u00f3n del legado de Ana Frank.\u00a0<\/span><\/p>\n<p dir=\"ltr\" style=\"line-height: 1.38; text-align: justify; margin-top: 6pt; margin-bottom: 6pt;\"><span style=\"font-size: 12pt; font-family: Calibri,sans-serif; color: #000000; background-color: transparent; font-weight: 400; font-style: normal; font-variant: normal; text-decoration: none; vertical-align: baseline; white-space: pre-wrap;\">Ana Frank, como tantos otros nombres que consiguieron trascender a pesar del horror, <strong>nos inspira para sensibilizarnos ante las primeras manifestaciones de discriminaci\u00f3n y denigraci\u00f3n del otro.<\/strong> Porque cada peque\u00f1o acto ante el cual no reaccionamos es la habilitaci\u00f3n para una escalada mayor de violencia.<\/span><\/p>\n<p><\/p>\t\t\t\t\t\t\t<\/div>\r\n\t\t\t\t\t\t\t\t\t\t<\/div>\n\t\t\t\t<\/div>\n\t\t\t\t\t<\/div>\n\t\t<\/div>\n\t\t\t\t\t<\/div><\/div>\r\n\t\t<\/section>\r\n\t\t\t\t<section class=\"elementor-section elementor-top-section elementor-element elementor-element-ba08f10 elementor-section-boxed elementor-section-height-default elementor-section-height-default\" data-id=\"ba08f10\" data-element_type=\"section\" data-e-type=\"section\">\r\n\t\t\t\t\t\t<div class=\"elementor-container elementor-column-gap-thegem\"><div class=\"elementor-row\">\r\n\t\t\t\t\t<div class=\"elementor-column elementor-col-100 elementor-top-column elementor-element elementor-element-7d43852\" data-id=\"7d43852\" data-element_type=\"column\" data-e-type=\"column\">\n\t\t\t<div class=\"elementor-widget-wrap elementor-element-populated\">\n\t\t\t\t\t\t<div class=\"elementor-element elementor-element-df686c3 flex-horizontal-align-default flex-horizontal-align-tablet-default flex-horizontal-align-mobile-default flex-vertical-align-default flex-vertical-align-tablet-default flex-vertical-align-mobile-default elementor-widget elementor-widget-thegem-gallery-slider\" data-id=\"df686c3\" data-element_type=\"widget\" data-e-type=\"widget\" data-settings=\"{&quot;icon_show&quot;:&quot;yes&quot;}\" data-widget_type=\"thegem-gallery-slider.default\">\n\t\t\t\t<div class=\"elementor-widget-container\">\n\t\t\t\t\t\n\t\t<div class=\"preloader\">\n\t\t\t<div class=\"preloader-spin\"><\/div>\n\t\t<\/div>\n\t\t<div class=\"gem-gallery gem-gallery-hover-default  \">\n\t\t\t\t\t\t\t\n<div class=\"gem-gallery-item\">\n\t<div class=\"gem-gallery-item-image\">\n\t\t<a href=\"https:\/\/espacioseducativos.ar\/nueva\/wp-content\/uploads\/2022\/12\/elisa-thegem-gallery-fullwidth.jpg\"\n\t\t\tdata-full-image-url=\"https:\/\/espacioseducativos.ar\/nueva\/wp-content\/uploads\/2022\/12\/elisa.jpg\"\n\t\t\tdata-elementor-open-lightbox=\"no\"\n\t\t\tdata-fancybox=\"gallery-69f49d5938ed8\">\n\t\t\t<svg class=\"arrow-mark\" width=\"20\" height=\"10\">\n\t\t\t\t<path d=\"M 0,10 Q 9,9 10,0 Q 11,9 20,10\"\/>\n\t\t\t<\/svg>\n\t\t\t<img src=\"https:\/\/espacioseducativos.ar\/nueva\/wp-content\/uploads\/2022\/12\/elisa-thegem-post-thumb-small.jpg\"\n\t\t\t\t alt=\"elisa\" class=\"img-responsive\">\n\t\t\t<span class=\"gem-gallery-caption slide-info\">\n\t\t\t\t<span class=\"gem-gallery-item-title \">\n\t\t\t\t\tElisa\t\t\t\t<\/span>\n\t\t\t\t<span class=\"gem-gallery-item-description\">\n\t\t\t\t\t\t\t\t\t<\/span>\n\t\t\t<\/span>\n\t\t\t<i aria-hidden=\"true\" class=\"photo-icon fas fa-camera\"><\/i>\t\t\t\t\t<\/a>\n\t<\/div>\n<\/div>\n\n\t\t\t\t\t\t\t\t\t\t\t\n<div class=\"gem-gallery-item\">\n\t<div class=\"gem-gallery-item-image\">\n\t\t<a href=\"https:\/\/espacioseducativos.ar\/nueva\/wp-content\/uploads\/2022\/12\/soledad-thegem-gallery-fullwidth.jpg\"\n\t\t\tdata-full-image-url=\"https:\/\/espacioseducativos.ar\/nueva\/wp-content\/uploads\/2022\/12\/soledad.jpg\"\n\t\t\tdata-elementor-open-lightbox=\"no\"\n\t\t\tdata-fancybox=\"gallery-69f49d5938ed8\">\n\t\t\t<svg class=\"arrow-mark\" width=\"20\" height=\"10\">\n\t\t\t\t<path d=\"M 0,10 Q 9,9 10,0 Q 11,9 20,10\"\/>\n\t\t\t<\/svg>\n\t\t\t<img src=\"https:\/\/espacioseducativos.ar\/nueva\/wp-content\/uploads\/2022\/12\/soledad-thegem-post-thumb-small.jpg\"\n\t\t\t\t alt=\"soledad\" class=\"img-responsive\">\n\t\t\t<span class=\"gem-gallery-caption slide-info\">\n\t\t\t\t<span class=\"gem-gallery-item-title \">\n\t\t\t\t\tSoledad\t\t\t\t<\/span>\n\t\t\t\t<span class=\"gem-gallery-item-description\">\n\t\t\t\t\t\t\t\t\t<\/span>\n\t\t\t<\/span>\n\t\t\t<i aria-hidden=\"true\" class=\"photo-icon fas fa-camera\"><\/i>\t\t\t\t\t<\/a>\n\t<\/div>\n<\/div>\n\n\t\t\t\t\t\t\t\t\t\t\t\n<div class=\"gem-gallery-item\">\n\t<div class=\"gem-gallery-item-image\">\n\t\t<a href=\"https:\/\/espacioseducativos.ar\/nueva\/wp-content\/uploads\/2022\/12\/monje-thegem-gallery-fullwidth.jpg\"\n\t\t\tdata-full-image-url=\"https:\/\/espacioseducativos.ar\/nueva\/wp-content\/uploads\/2022\/12\/monje.jpg\"\n\t\t\tdata-elementor-open-lightbox=\"no\"\n\t\t\tdata-fancybox=\"gallery-69f49d5938ed8\">\n\t\t\t<svg class=\"arrow-mark\" width=\"20\" height=\"10\">\n\t\t\t\t<path d=\"M 0,10 Q 9,9 10,0 Q 11,9 20,10\"\/>\n\t\t\t<\/svg>\n\t\t\t<img src=\"https:\/\/espacioseducativos.ar\/nueva\/wp-content\/uploads\/2022\/12\/monje-thegem-post-thumb-small.jpg\"\n\t\t\t\t alt=\"monje\" class=\"img-responsive\">\n\t\t\t<span class=\"gem-gallery-caption slide-info\">\n\t\t\t\t<span class=\"gem-gallery-item-title \">\n\t\t\t\t\tMonje\t\t\t\t<\/span>\n\t\t\t\t<span class=\"gem-gallery-item-description\">\n\t\t\t\t\t\t\t\t\t<\/span>\n\t\t\t<\/span>\n\t\t\t<i aria-hidden=\"true\" class=\"photo-icon fas fa-camera\"><\/i>\t\t\t\t\t<\/a>\n\t<\/div>\n<\/div>\n\n\t\t\t\t\t\t\t\t\t\t\t\n<div class=\"gem-gallery-item\">\n\t<div class=\"gem-gallery-item-image\">\n\t\t<a href=\"https:\/\/espacioseducativos.ar\/nueva\/wp-content\/uploads\/2022\/12\/barrancas-thegem-gallery-fullwidth.jpg\"\n\t\t\tdata-full-image-url=\"https:\/\/espacioseducativos.ar\/nueva\/wp-content\/uploads\/2022\/12\/barrancas.jpg\"\n\t\t\tdata-elementor-open-lightbox=\"no\"\n\t\t\tdata-fancybox=\"gallery-69f49d5938ed8\">\n\t\t\t<svg class=\"arrow-mark\" width=\"20\" height=\"10\">\n\t\t\t\t<path d=\"M 0,10 Q 9,9 10,0 Q 11,9 20,10\"\/>\n\t\t\t<\/svg>\n\t\t\t<img src=\"https:\/\/espacioseducativos.ar\/nueva\/wp-content\/uploads\/2022\/12\/barrancas-thegem-post-thumb-small.jpg\"\n\t\t\t\t alt=\"barrancas\" class=\"img-responsive\">\n\t\t\t<span class=\"gem-gallery-caption slide-info\">\n\t\t\t\t<span class=\"gem-gallery-item-title \">\n\t\t\t\t\tBarrancas\t\t\t\t<\/span>\n\t\t\t\t<span class=\"gem-gallery-item-description\">\n\t\t\t\t\t\t\t\t\t<\/span>\n\t\t\t<\/span>\n\t\t\t<i aria-hidden=\"true\" class=\"photo-icon fas fa-camera\"><\/i>\t\t\t\t\t<\/a>\n\t<\/div>\n<\/div>\n\n\t\t\t\t\t\t\t\t\t\t\t\n<div class=\"gem-gallery-item\">\n\t<div class=\"gem-gallery-item-image\">\n\t\t<a href=\"https:\/\/espacioseducativos.ar\/nueva\/wp-content\/uploads\/2022\/12\/galvez-scaled-thegem-gallery-fullwidth.jpg\"\n\t\t\tdata-full-image-url=\"https:\/\/espacioseducativos.ar\/nueva\/wp-content\/uploads\/2022\/12\/galvez-scaled.jpg\"\n\t\t\tdata-elementor-open-lightbox=\"no\"\n\t\t\tdata-fancybox=\"gallery-69f49d5938ed8\">\n\t\t\t<svg class=\"arrow-mark\" width=\"20\" height=\"10\">\n\t\t\t\t<path d=\"M 0,10 Q 9,9 10,0 Q 11,9 20,10\"\/>\n\t\t\t<\/svg>\n\t\t\t<img src=\"https:\/\/espacioseducativos.ar\/nueva\/wp-content\/uploads\/2022\/12\/galvez-scaled-thegem-post-thumb-small.jpg\"\n\t\t\t\t alt=\"galvez\" class=\"img-responsive\">\n\t\t\t<span class=\"gem-gallery-caption slide-info\">\n\t\t\t\t<span class=\"gem-gallery-item-title \">\n\t\t\t\t\tG\u00e1lvez\t\t\t\t<\/span>\n\t\t\t\t<span class=\"gem-gallery-item-description\">\n\t\t\t\t\t\t\t\t\t<\/span>\n\t\t\t<\/span>\n\t\t\t<i aria-hidden=\"true\" class=\"photo-icon fas fa-camera\"><\/i>\t\t\t\t\t<\/a>\n\t<\/div>\n<\/div>\n\n\t\t\t\t\t\t\t\t\t\t\t\n<div class=\"gem-gallery-item\">\n\t<div class=\"gem-gallery-item-image\">\n\t\t<a href=\"https:\/\/espacioseducativos.ar\/nueva\/wp-content\/uploads\/2022\/12\/san-genaro-scaled-thegem-gallery-fullwidth.jpg\"\n\t\t\tdata-full-image-url=\"https:\/\/espacioseducativos.ar\/nueva\/wp-content\/uploads\/2022\/12\/san-genaro-scaled.jpg\"\n\t\t\tdata-elementor-open-lightbox=\"no\"\n\t\t\tdata-fancybox=\"gallery-69f49d5938ed8\">\n\t\t\t<svg class=\"arrow-mark\" width=\"20\" height=\"10\">\n\t\t\t\t<path d=\"M 0,10 Q 9,9 10,0 Q 11,9 20,10\"\/>\n\t\t\t<\/svg>\n\t\t\t<img src=\"https:\/\/espacioseducativos.ar\/nueva\/wp-content\/uploads\/2022\/12\/san-genaro-scaled-thegem-post-thumb-small.jpg\"\n\t\t\t\t alt=\"san genaro\" class=\"img-responsive\">\n\t\t\t<span class=\"gem-gallery-caption slide-info\">\n\t\t\t\t<span class=\"gem-gallery-item-title \">\n\t\t\t\t\tSan Genaro\t\t\t\t<\/span>\n\t\t\t\t<span class=\"gem-gallery-item-description\">\n\t\t\t\t\t\t\t\t\t<\/span>\n\t\t\t<\/span>\n\t\t\t<i aria-hidden=\"true\" class=\"photo-icon fas fa-camera\"><\/i>\t\t\t\t\t<\/a>\n\t<\/div>\n<\/div>\n\n\t\t\t\t\t\t\t\t\t\t\t\n<div class=\"gem-gallery-item\">\n\t<div class=\"gem-gallery-item-image\">\n\t\t<a href=\"https:\/\/espacioseducativos.ar\/nueva\/wp-content\/uploads\/2022\/12\/coronda-scaled-thegem-gallery-fullwidth.jpg\"\n\t\t\tdata-full-image-url=\"https:\/\/espacioseducativos.ar\/nueva\/wp-content\/uploads\/2022\/12\/coronda-scaled.jpg\"\n\t\t\tdata-elementor-open-lightbox=\"no\"\n\t\t\tdata-fancybox=\"gallery-69f49d5938ed8\">\n\t\t\t<svg class=\"arrow-mark\" width=\"20\" height=\"10\">\n\t\t\t\t<path d=\"M 0,10 Q 9,9 10,0 Q 11,9 20,10\"\/>\n\t\t\t<\/svg>\n\t\t\t<img src=\"https:\/\/espacioseducativos.ar\/nueva\/wp-content\/uploads\/2022\/12\/coronda-scaled-thegem-post-thumb-small.jpg\"\n\t\t\t\t alt=\"coronda\" class=\"img-responsive\">\n\t\t\t<span class=\"gem-gallery-caption slide-info\">\n\t\t\t\t<span class=\"gem-gallery-item-title \">\n\t\t\t\t\tCoronda\t\t\t\t<\/span>\n\t\t\t\t<span class=\"gem-gallery-item-description\">\n\t\t\t\t\t\t\t\t\t<\/span>\n\t\t\t<\/span>\n\t\t\t<i aria-hidden=\"true\" class=\"photo-icon fas fa-camera\"><\/i>\t\t\t\t\t<\/a>\n\t<\/div>\n<\/div>\n\n\t\t\t\t\t\t\t\t\t\t\t\n<div class=\"gem-gallery-item\">\n\t<div class=\"gem-gallery-item-image\">\n\t\t<a href=\"https:\/\/espacioseducativos.ar\/nueva\/wp-content\/uploads\/2022\/12\/san-carlos-scaled-thegem-gallery-fullwidth.jpg\"\n\t\t\tdata-full-image-url=\"https:\/\/espacioseducativos.ar\/nueva\/wp-content\/uploads\/2022\/12\/san-carlos-scaled.jpg\"\n\t\t\tdata-elementor-open-lightbox=\"no\"\n\t\t\tdata-fancybox=\"gallery-69f49d5938ed8\">\n\t\t\t<svg class=\"arrow-mark\" width=\"20\" height=\"10\">\n\t\t\t\t<path d=\"M 0,10 Q 9,9 10,0 Q 11,9 20,10\"\/>\n\t\t\t<\/svg>\n\t\t\t<img src=\"https:\/\/espacioseducativos.ar\/nueva\/wp-content\/uploads\/2022\/12\/san-carlos-scaled-thegem-post-thumb-small.jpg\"\n\t\t\t\t alt=\"san carlos\" class=\"img-responsive\">\n\t\t\t<span class=\"gem-gallery-caption slide-info\">\n\t\t\t\t<span class=\"gem-gallery-item-title \">\n\t\t\t\t\tSan Carlos\t\t\t\t<\/span>\n\t\t\t\t<span class=\"gem-gallery-item-description\">\n\t\t\t\t\t\t\t\t\t<\/span>\n\t\t\t<\/span>\n\t\t\t<i aria-hidden=\"true\" class=\"photo-icon fas fa-camera\"><\/i>\t\t\t\t\t<\/a>\n\t<\/div>\n<\/div>\n\n\t\t\t\t\t\t\t\t\t\t\t\n<div class=\"gem-gallery-item\">\n\t<div class=\"gem-gallery-item-image\">\n\t\t<a href=\"https:\/\/espacioseducativos.ar\/nueva\/wp-content\/uploads\/2022\/12\/hersilia-scaled-thegem-gallery-fullwidth.jpg\"\n\t\t\tdata-full-image-url=\"https:\/\/espacioseducativos.ar\/nueva\/wp-content\/uploads\/2022\/12\/hersilia-scaled.jpg\"\n\t\t\tdata-elementor-open-lightbox=\"no\"\n\t\t\tdata-fancybox=\"gallery-69f49d5938ed8\">\n\t\t\t<svg class=\"arrow-mark\" width=\"20\" height=\"10\">\n\t\t\t\t<path d=\"M 0,10 Q 9,9 10,0 Q 11,9 20,10\"\/>\n\t\t\t<\/svg>\n\t\t\t<img src=\"https:\/\/espacioseducativos.ar\/nueva\/wp-content\/uploads\/2022\/12\/hersilia-scaled-thegem-post-thumb-small.jpg\"\n\t\t\t\t alt=\"hersilia\" class=\"img-responsive\">\n\t\t\t<span class=\"gem-gallery-caption slide-info\">\n\t\t\t\t<span class=\"gem-gallery-item-title \">\n\t\t\t\t\tHersilia\t\t\t\t<\/span>\n\t\t\t\t<span class=\"gem-gallery-item-description\">\n\t\t\t\t\t\t\t\t\t<\/span>\n\t\t\t<\/span>\n\t\t\t<i aria-hidden=\"true\" class=\"photo-icon fas fa-camera\"><\/i>\t\t\t\t\t<\/a>\n\t<\/div>\n<\/div>\n\n\t\t\t\t\t\t\t\t\t\t\t\n<div class=\"gem-gallery-item\">\n\t<div class=\"gem-gallery-item-image\">\n\t\t<a href=\"https:\/\/espacioseducativos.ar\/nueva\/wp-content\/uploads\/2022\/12\/ceres-thegem-gallery-fullwidth.jpg\"\n\t\t\tdata-full-image-url=\"https:\/\/espacioseducativos.ar\/nueva\/wp-content\/uploads\/2022\/12\/ceres.jpg\"\n\t\t\tdata-elementor-open-lightbox=\"no\"\n\t\t\tdata-fancybox=\"gallery-69f49d5938ed8\">\n\t\t\t<svg class=\"arrow-mark\" width=\"20\" height=\"10\">\n\t\t\t\t<path d=\"M 0,10 Q 9,9 10,0 Q 11,9 20,10\"\/>\n\t\t\t<\/svg>\n\t\t\t<img src=\"https:\/\/espacioseducativos.ar\/nueva\/wp-content\/uploads\/2022\/12\/ceres-thegem-post-thumb-small.jpg\"\n\t\t\t\t alt=\"ceres\" class=\"img-responsive\">\n\t\t\t<span class=\"gem-gallery-caption slide-info\">\n\t\t\t\t<span class=\"gem-gallery-item-title \">\n\t\t\t\t\tCeres\t\t\t\t<\/span>\n\t\t\t\t<span class=\"gem-gallery-item-description\">\n\t\t\t\t\t\t\t\t\t<\/span>\n\t\t\t<\/span>\n\t\t\t<i aria-hidden=\"true\" class=\"photo-icon fas fa-camera\"><\/i>\t\t\t\t\t<\/a>\n\t<\/div>\n<\/div>\n\n\t\t\t\t\t\t\t\t\t\t\t\n<div class=\"gem-gallery-item\">\n\t<div class=\"gem-gallery-item-image\">\n\t\t<a href=\"https:\/\/espacioseducativos.ar\/nueva\/wp-content\/uploads\/2022\/12\/ambrosetti-thegem-gallery-fullwidth.jpg\"\n\t\t\tdata-full-image-url=\"https:\/\/espacioseducativos.ar\/nueva\/wp-content\/uploads\/2022\/12\/ambrosetti.jpg\"\n\t\t\tdata-elementor-open-lightbox=\"no\"\n\t\t\tdata-fancybox=\"gallery-69f49d5938ed8\">\n\t\t\t<svg class=\"arrow-mark\" width=\"20\" height=\"10\">\n\t\t\t\t<path d=\"M 0,10 Q 9,9 10,0 Q 11,9 20,10\"\/>\n\t\t\t<\/svg>\n\t\t\t<img src=\"https:\/\/espacioseducativos.ar\/nueva\/wp-content\/uploads\/2022\/12\/ambrosetti-thegem-post-thumb-small.jpg\"\n\t\t\t\t alt=\"ambrosetti\" class=\"img-responsive\">\n\t\t\t<span class=\"gem-gallery-caption slide-info\">\n\t\t\t\t<span class=\"gem-gallery-item-title \">\n\t\t\t\t\tAmbrosetti\t\t\t\t<\/span>\n\t\t\t\t<span class=\"gem-gallery-item-description\">\n\t\t\t\t\t\t\t\t\t<\/span>\n\t\t\t<\/span>\n\t\t\t<i aria-hidden=\"true\" class=\"photo-icon fas fa-camera\"><\/i>\t\t\t\t\t<\/a>\n\t<\/div>\n<\/div>\n\n\t\t\t\t\t\t\t\t\t\t\t\n<div class=\"gem-gallery-item\">\n\t<div class=\"gem-gallery-item-image\">\n\t\t<a href=\"https:\/\/espacioseducativos.ar\/nueva\/wp-content\/uploads\/2022\/12\/san-javi-thegem-gallery-fullwidth.jpg\"\n\t\t\tdata-full-image-url=\"https:\/\/espacioseducativos.ar\/nueva\/wp-content\/uploads\/2022\/12\/san-javi.jpg\"\n\t\t\tdata-elementor-open-lightbox=\"no\"\n\t\t\tdata-fancybox=\"gallery-69f49d5938ed8\">\n\t\t\t<svg class=\"arrow-mark\" width=\"20\" height=\"10\">\n\t\t\t\t<path d=\"M 0,10 Q 9,9 10,0 Q 11,9 20,10\"\/>\n\t\t\t<\/svg>\n\t\t\t<img src=\"https:\/\/espacioseducativos.ar\/nueva\/wp-content\/uploads\/2022\/12\/san-javi-thegem-post-thumb-small.jpg\"\n\t\t\t\t alt=\"san javi\" class=\"img-responsive\">\n\t\t\t<span class=\"gem-gallery-caption slide-info\">\n\t\t\t\t<span class=\"gem-gallery-item-title \">\n\t\t\t\t\tSan Javier\t\t\t\t<\/span>\n\t\t\t\t<span class=\"gem-gallery-item-description\">\n\t\t\t\t\t\t\t\t\t<\/span>\n\t\t\t<\/span>\n\t\t\t<i aria-hidden=\"true\" class=\"photo-icon fas fa-camera\"><\/i>\t\t\t\t\t<\/a>\n\t<\/div>\n<\/div>\n\n\t\t\t\t\t\t\t\t\t<\/div>\n\t\t\t\t\t\t<\/div>\n\t\t\t\t<\/div>\n\t\t\t\t\t<\/div>\n\t\t<\/div>\n\t\t\t\t\t<\/div><\/div>\r\n\t\t<\/section>\r\n\t\t\t\t<\/div>\n\t\t","protected":false},"excerpt":{"rendered":"<p>Espacios Educativos en conjunto con el Centro Ana Frank Argentina organiza la itinerancia del \u201cEspacio Ana Frank\u201d en la Provincia&#8230;<\/p>\n","protected":false},"author":2,"featured_media":4391,"comment_status":"open","ping_status":"open","sticky":false,"template":"single-fullwidth.php","format":"standard","meta":{"footnotes":""},"categories":[26],"tags":[],"class_list":{"0":"post-4390","1":"post","2":"type-post","3":"status-publish","4":"format-standard","5":"has-post-thumbnail","7":"category-ana_frank"},"menu_order":0,"_links":{"self":[{"href":"https:\/\/espacioseducativos.ar\/nueva\/wp-json\/wp\/v2\/posts\/4390","targetHints":{"allow":["GET"]}}],"collection":[{"href":"https:\/\/espacioseducativos.ar\/nueva\/wp-json\/wp\/v2\/posts"}],"about":[{"href":"https:\/\/espacioseducativos.ar\/nueva\/wp-json\/wp\/v2\/types\/post"}],"author":[{"embeddable":true,"href":"https:\/\/espacioseducativos.ar\/nueva\/wp-json\/wp\/v2\/users\/2"}],"replies":[{"embeddable":true,"href":"https:\/\/espacioseducativos.ar\/nueva\/wp-json\/wp\/v2\/comments?post=4390"}],"version-history":[{"count":18,"href":"https:\/\/espacioseducativos.ar\/nueva\/wp-json\/wp\/v2\/posts\/4390\/revisions"}],"predecessor-version":[{"id":4527,"href":"https:\/\/espacioseducativos.ar\/nueva\/wp-json\/wp\/v2\/posts\/4390\/revisions\/4527"}],"wp:featuredmedia":[{"embeddable":true,"href":"https:\/\/espacioseducativos.ar\/nueva\/wp-json\/wp\/v2\/media\/4391"}],"wp:attachment":[{"href":"https:\/\/espacioseducativos.ar\/nueva\/wp-json\/wp\/v2\/media?parent=4390"}],"wp:term":[{"taxonomy":"category","embeddable":true,"href":"https:\/\/espacioseducativos.ar\/nueva\/wp-json\/wp\/v2\/categories?post=4390"},{"taxonomy":"post_tag","embeddable":true,"href":"https:\/\/espacioseducativos.ar\/nueva\/wp-json\/wp\/v2\/tags?post=4390"}],"curies":[{"name":"wp","href":"https:\/\/api.w.org\/{rel}","templated":true}]}}