{"id":4485,"date":"2022-07-18T19:00:27","date_gmt":"2022-07-18T19:00:27","guid":{"rendered":"https:\/\/espacioseducativos.ar\/nueva\/?p=4485"},"modified":"2023-01-19T19:12:29","modified_gmt":"2023-01-19T19:12:29","slug":"cierre-de-la-propuesta-acciones-para-transformar","status":"publish","type":"post","link":"https:\/\/espacioseducativos.ar\/nueva\/cierre-de-la-propuesta-acciones-para-transformar\/","title":{"rendered":"Cierre de la propuesta \u00abAcciones para transformar\u00bb"},"content":{"rendered":"\t\t<div data-elementor-type=\"wp-post\" data-elementor-id=\"4485\" class=\"elementor elementor-4485\">\n\t\t\t\t\t\t<section class=\"elementor-section elementor-top-section elementor-element elementor-element-1a2a82c6 elementor-section-boxed elementor-section-height-default elementor-section-height-default\" data-id=\"1a2a82c6\" data-element_type=\"section\" data-e-type=\"section\">\r\n\t\t\t\t\t\t<div class=\"elementor-container elementor-column-gap-thegem\"><div class=\"elementor-row\">\r\n\t\t\t\t\t<div class=\"elementor-column elementor-col-100 elementor-top-column elementor-element elementor-element-239f6de9\" data-id=\"239f6de9\" data-element_type=\"column\" data-e-type=\"column\">\n\t\t\t<div class=\"elementor-widget-wrap elementor-element-populated\">\n\t\t\t\t\t\t<div class=\"elementor-element elementor-element-146c0b84 flex-horizontal-align-default flex-horizontal-align-tablet-default flex-horizontal-align-mobile-default flex-vertical-align-default flex-vertical-align-tablet-default flex-vertical-align-mobile-default elementor-widget elementor-widget-text-editor\" data-id=\"146c0b84\" data-element_type=\"widget\" data-e-type=\"widget\" data-widget_type=\"text-editor.default\">\n\t\t\t\t<div class=\"elementor-widget-container\">\n\t\t\t\t\t\t\t\t\t\t\t\t<div class=\"elementor-text-editor elementor-clearfix\">\r\n\t\t\t\t\t\t<p><\/p>\n<p>Esta propuesta educativa inici\u00f3 con un acto en el Hall de la Legislatura de Santa Fe el 6 abril, en el cual se realiz\u00f3 la <strong>presentaci\u00f3n de la versi\u00f3n completa e integrada del Diario de Ana Frank<\/strong>, publicada por el Centro Ana Frank Argentina y editada por EUDEBA. El acto fue encabezado por el presidente de la C\u00e1mara de Diputadas y Diputados de la provincia, Pablo Far\u00edas, el gerente general de EUDEBA, Luis Quevedo, y el coordinador de Espacios Educativos, Leonardo Simoniello.\u00a0<\/p>\n<p>En el acto, <strong>asistieron las y los docentes inscriptos en la propuesta, a quienes se les entreg\u00f3 de un kit de herramientas<\/strong>, destinado a trabajar en el aula junto a sus alumnos en el marco de la propuesta. El kit incluy\u00f3: un ejemplar del diario de Ana Frank (versi\u00f3n completa e integrada); un ejemplar del Peri\u00f3dico \u201cLa Voz de l@s ni\u00f1@s\u201d; un ejemplar de la publicaci\u00f3n \u201cEl mundo de Ana\u201d; una gu\u00eda de lectura con fechas significativas del diario; una serie de frases impresas, extra\u00eddas del diario; y una colecci\u00f3n de fotos que componen la l\u00ednea hist\u00f3rica del nazismo.<\/p>\n<p>La propuesta de Acciones para transformar se enmarc\u00f3 en el esp\u00edritu de la Ley Provincial N\u00b0 13.186, en la cual se declara al 12 de junio como<em> \u201cD\u00eda Provincial de las ni\u00f1as, los ni\u00f1os y adolescentes por la inclusi\u00f3n y la convivencia contra toda forma de violencia y discriminaci\u00f3n\u201d<\/em>, en conmemoraci\u00f3n del natalicio de Ana Frak. La invitaci\u00f3n a docentes fue a <strong>trabajar en el aula a partir de la lectura del Diario de Ana Frank para que las y los alumnos generaran en conjunto una producci\u00f3n destinada a fomentar la inclusi\u00f3n, la convivencia, la participaci\u00f3n y la protecci\u00f3n<\/strong>.<\/p>\n<p>Durante los meses de abril, mayo y junio trabajaron en la realizaci\u00f3n de producciones escritas, ilustradas, audiovisuales e incluso para redes sociales.<\/p>\n<p>Como cierre pudieron exponer sus trabajos a sus compa\u00f1eros en sus escuelas. Todas <a href=\"https:\/\/espacioseducativos.ar\/nueva\/accionesparatransformar\/\">las producciones se pueden visualizar aqu\u00ed en nuestra plataforma online<\/a> para su apreciacion, para uso como futuro material de referencia y para continuar difundiendo y <em>promoviendo la figura de Ana Frank como s\u00edmbolo del protagonismo de los adolescentes en la lucha contra la discriminaci\u00f3n y la violencia, y a favor de la convivencia y la paz<\/em>.<\/p>\n<p><\/p>\t\t\t\t\t\t\t<\/div>\r\n\t\t\t\t\t\t\t\t\t\t<\/div>\n\t\t\t\t<\/div>\n\t\t\t\t<div class=\"elementor-element elementor-element-6d3433e flex-horizontal-align-default flex-horizontal-align-tablet-default flex-horizontal-align-mobile-default flex-vertical-align-default flex-vertical-align-tablet-default flex-vertical-align-mobile-default elementor-widget elementor-widget-text-editor\" data-id=\"6d3433e\" data-element_type=\"widget\" data-e-type=\"widget\" data-widget_type=\"text-editor.default\">\n\t\t\t\t<div class=\"elementor-widget-container\">\n\t\t\t\t\t\t\t\t\t\t\t\t<div class=\"elementor-text-editor elementor-clearfix\">\r\n\t\t\t\t\t\t<p><\/p>\n<p><span style=\"background-color: rgba(255, 255, 255, 0);\">M\u00e1s informaci\u00f3n en: contactos@espacioseducativos.ar o al WhatsApp 342 5910865.<\/span><\/p>\n<p><\/p>\t\t\t\t\t\t\t<\/div>\r\n\t\t\t\t\t\t\t\t\t\t<\/div>\n\t\t\t\t<\/div>\n\t\t\t\t\t<\/div>\n\t\t<\/div>\n\t\t\t\t\t<\/div><\/div>\r\n\t\t<\/section>\r\n\t\t\t\t<section class=\"elementor-section elementor-top-section elementor-element elementor-element-ba08f10 elementor-section-boxed elementor-section-height-default elementor-section-height-default\" data-id=\"ba08f10\" data-element_type=\"section\" data-e-type=\"section\">\r\n\t\t\t\t\t\t<div class=\"elementor-container elementor-column-gap-thegem\"><div class=\"elementor-row\">\r\n\t\t\t\t\t<div class=\"elementor-column elementor-col-100 elementor-top-column elementor-element elementor-element-7d43852\" data-id=\"7d43852\" data-element_type=\"column\" data-e-type=\"column\">\n\t\t\t<div class=\"elementor-widget-wrap elementor-element-populated\">\n\t\t\t\t\t\t<div class=\"elementor-element elementor-element-df686c3 flex-horizontal-align-default flex-horizontal-align-tablet-default flex-horizontal-align-mobile-default flex-vertical-align-default flex-vertical-align-tablet-default flex-vertical-align-mobile-default elementor-widget elementor-widget-thegem-gallery-slider\" data-id=\"df686c3\" data-element_type=\"widget\" data-e-type=\"widget\" data-settings=\"{&quot;icon_show&quot;:&quot;yes&quot;}\" data-widget_type=\"thegem-gallery-slider.default\">\n\t\t\t\t<div class=\"elementor-widget-container\">\n\t\t\t\t\t\n\t\t<div class=\"preloader\">\n\t\t\t<div class=\"preloader-spin\"><\/div>\n\t\t<\/div>\n\t\t<div class=\"gem-gallery gem-gallery-hover-default  \">\n\t\t\t\t\t\t\t\n<div class=\"gem-gallery-item\">\n\t<div class=\"gem-gallery-item-image\">\n\t\t<a href=\"https:\/\/espacioseducativos.ar\/nueva\/wp-content\/uploads\/2022\/07\/0-EE-LIBRO-D-scaled-thegem-gallery-fullwidth.jpg\"\n\t\t\tdata-full-image-url=\"https:\/\/espacioseducativos.ar\/nueva\/wp-content\/uploads\/2022\/07\/0-EE-LIBRO-D-scaled.jpg\"\n\t\t\tdata-elementor-open-lightbox=\"no\"\n\t\t\tdata-fancybox=\"gallery-69f4b1b3a0644\">\n\t\t\t<svg class=\"arrow-mark\" width=\"20\" height=\"10\">\n\t\t\t\t<path d=\"M 0,10 Q 9,9 10,0 Q 11,9 20,10\"\/>\n\t\t\t<\/svg>\n\t\t\t<img src=\"https:\/\/espacioseducativos.ar\/nueva\/wp-content\/uploads\/2022\/07\/0-EE-LIBRO-D-scaled-thegem-post-thumb-small.jpg\"\n\t\t\t\t alt=\"0 EE LIBRO D\" class=\"img-responsive\">\n\t\t\t<span class=\"gem-gallery-caption slide-info\">\n\t\t\t\t<span class=\"gem-gallery-item-title \">\n\t\t\t\t\t\t\t\t\t<\/span>\n\t\t\t\t<span class=\"gem-gallery-item-description\">\n\t\t\t\t\t\t\t\t\t<\/span>\n\t\t\t<\/span>\n\t\t\t<i aria-hidden=\"true\" class=\"photo-icon fas fa-camera\"><\/i>\t\t\t\t\t<\/a>\n\t<\/div>\n<\/div>\n\n\t\t\t\t\t\t\t\t\t\t\t\n<div class=\"gem-gallery-item\">\n\t<div class=\"gem-gallery-item-image\">\n\t\t<a href=\"https:\/\/espacioseducativos.ar\/nueva\/wp-content\/uploads\/2022\/07\/0-EE-PROPUESTA-D-scaled-thegem-gallery-fullwidth.jpg\"\n\t\t\tdata-full-image-url=\"https:\/\/espacioseducativos.ar\/nueva\/wp-content\/uploads\/2022\/07\/0-EE-PROPUESTA-D-scaled.jpg\"\n\t\t\tdata-elementor-open-lightbox=\"no\"\n\t\t\tdata-fancybox=\"gallery-69f4b1b3a0644\">\n\t\t\t<svg class=\"arrow-mark\" width=\"20\" height=\"10\">\n\t\t\t\t<path d=\"M 0,10 Q 9,9 10,0 Q 11,9 20,10\"\/>\n\t\t\t<\/svg>\n\t\t\t<img src=\"https:\/\/espacioseducativos.ar\/nueva\/wp-content\/uploads\/2022\/07\/0-EE-PROPUESTA-D-scaled-thegem-post-thumb-small.jpg\"\n\t\t\t\t alt=\"0 EE PROPUESTA D\" class=\"img-responsive\">\n\t\t\t<span class=\"gem-gallery-caption slide-info\">\n\t\t\t\t<span class=\"gem-gallery-item-title \">\n\t\t\t\t\t\t\t\t\t<\/span>\n\t\t\t\t<span class=\"gem-gallery-item-description\">\n\t\t\t\t\t\t\t\t\t<\/span>\n\t\t\t<\/span>\n\t\t\t<i aria-hidden=\"true\" class=\"photo-icon fas fa-camera\"><\/i>\t\t\t\t\t<\/a>\n\t<\/div>\n<\/div>\n\n\t\t\t\t\t\t\t\t\t\t\t\n<div class=\"gem-gallery-item\">\n\t<div class=\"gem-gallery-item-image\">\n\t\t<a href=\"https:\/\/espacioseducativos.ar\/nueva\/wp-content\/uploads\/2023\/01\/0-EE-LIBRO-A-thegem-gallery-fullwidth.jpeg\"\n\t\t\tdata-full-image-url=\"https:\/\/espacioseducativos.ar\/nueva\/wp-content\/uploads\/2023\/01\/0-EE-LIBRO-A.jpeg\"\n\t\t\tdata-elementor-open-lightbox=\"no\"\n\t\t\tdata-fancybox=\"gallery-69f4b1b3a0644\">\n\t\t\t<svg class=\"arrow-mark\" width=\"20\" height=\"10\">\n\t\t\t\t<path d=\"M 0,10 Q 9,9 10,0 Q 11,9 20,10\"\/>\n\t\t\t<\/svg>\n\t\t\t<img src=\"https:\/\/espacioseducativos.ar\/nueva\/wp-content\/uploads\/2023\/01\/0-EE-LIBRO-A-thegem-post-thumb-small.jpeg\"\n\t\t\t\t alt=\"0 EE LIBRO A\" class=\"img-responsive\">\n\t\t\t<span class=\"gem-gallery-caption slide-info\">\n\t\t\t\t<span class=\"gem-gallery-item-title \">\n\t\t\t\t\t\t\t\t\t<\/span>\n\t\t\t\t<span class=\"gem-gallery-item-description\">\n\t\t\t\t\t\t\t\t\t<\/span>\n\t\t\t<\/span>\n\t\t\t<i aria-hidden=\"true\" class=\"photo-icon fas fa-camera\"><\/i>\t\t\t\t\t<\/a>\n\t<\/div>\n<\/div>\n\n\t\t\t\t\t\t\t\t\t\t\t\n<div class=\"gem-gallery-item\">\n\t<div class=\"gem-gallery-item-image\">\n\t\t<a href=\"https:\/\/espacioseducativos.ar\/nueva\/wp-content\/uploads\/2023\/01\/0-EE-LIBRO-C-thegem-gallery-fullwidth.jpeg\"\n\t\t\tdata-full-image-url=\"https:\/\/espacioseducativos.ar\/nueva\/wp-content\/uploads\/2023\/01\/0-EE-LIBRO-C.jpeg\"\n\t\t\tdata-elementor-open-lightbox=\"no\"\n\t\t\tdata-fancybox=\"gallery-69f4b1b3a0644\">\n\t\t\t<svg class=\"arrow-mark\" width=\"20\" height=\"10\">\n\t\t\t\t<path d=\"M 0,10 Q 9,9 10,0 Q 11,9 20,10\"\/>\n\t\t\t<\/svg>\n\t\t\t<img src=\"https:\/\/espacioseducativos.ar\/nueva\/wp-content\/uploads\/2023\/01\/0-EE-LIBRO-C-thegem-post-thumb-small.jpeg\"\n\t\t\t\t alt=\"0 EE LIBRO C\" class=\"img-responsive\">\n\t\t\t<span class=\"gem-gallery-caption slide-info\">\n\t\t\t\t<span class=\"gem-gallery-item-title \">\n\t\t\t\t\t\t\t\t\t<\/span>\n\t\t\t\t<span class=\"gem-gallery-item-description\">\n\t\t\t\t\t\t\t\t\t<\/span>\n\t\t\t<\/span>\n\t\t\t<i aria-hidden=\"true\" class=\"photo-icon fas fa-camera\"><\/i>\t\t\t\t\t<\/a>\n\t<\/div>\n<\/div>\n\n\t\t\t\t\t\t\t\t\t<\/div>\n\t\t\t\t\t\t<\/div>\n\t\t\t\t<\/div>\n\t\t\t\t\t<\/div>\n\t\t<\/div>\n\t\t\t\t\t<\/div><\/div>\r\n\t\t<\/section>\r\n\t\t\t\t<\/div>\n\t\t","protected":false},"excerpt":{"rendered":"<p>Propuesta educativa de expresi\u00f3n a partir de las palabras de Ana Frank<\/p>\n","protected":false},"author":2,"featured_media":4486,"comment_status":"open","ping_status":"open","sticky":false,"template":"single-fullwidth.php","format":"standard","meta":{"footnotes":""},"categories":[26],"tags":[],"class_list":{"0":"post-4485","1":"post","2":"type-post","3":"status-publish","4":"format-standard","5":"has-post-thumbnail","7":"category-ana_frank"},"menu_order":0,"_links":{"self":[{"href":"https:\/\/espacioseducativos.ar\/nueva\/wp-json\/wp\/v2\/posts\/4485","targetHints":{"allow":["GET"]}}],"collection":[{"href":"https:\/\/espacioseducativos.ar\/nueva\/wp-json\/wp\/v2\/posts"}],"about":[{"href":"https:\/\/espacioseducativos.ar\/nueva\/wp-json\/wp\/v2\/types\/post"}],"author":[{"embeddable":true,"href":"https:\/\/espacioseducativos.ar\/nueva\/wp-json\/wp\/v2\/users\/2"}],"replies":[{"embeddable":true,"href":"https:\/\/espacioseducativos.ar\/nueva\/wp-json\/wp\/v2\/comments?post=4485"}],"version-history":[{"count":5,"href":"https:\/\/espacioseducativos.ar\/nueva\/wp-json\/wp\/v2\/posts\/4485\/revisions"}],"predecessor-version":[{"id":4496,"href":"https:\/\/espacioseducativos.ar\/nueva\/wp-json\/wp\/v2\/posts\/4485\/revisions\/4496"}],"wp:featuredmedia":[{"embeddable":true,"href":"https:\/\/espacioseducativos.ar\/nueva\/wp-json\/wp\/v2\/media\/4486"}],"wp:attachment":[{"href":"https:\/\/espacioseducativos.ar\/nueva\/wp-json\/wp\/v2\/media?parent=4485"}],"wp:term":[{"taxonomy":"category","embeddable":true,"href":"https:\/\/espacioseducativos.ar\/nueva\/wp-json\/wp\/v2\/categories?post=4485"},{"taxonomy":"post_tag","embeddable":true,"href":"https:\/\/espacioseducativos.ar\/nueva\/wp-json\/wp\/v2\/tags?post=4485"}],"curies":[{"name":"wp","href":"https:\/\/api.w.org\/{rel}","templated":true}]}}