{"id":5354,"date":"2024-07-18T18:16:30","date_gmt":"2024-07-18T18:16:30","guid":{"rendered":"https:\/\/espacioseducativos.ar\/nueva\/?p=5354"},"modified":"2024-07-18T18:16:31","modified_gmt":"2024-07-18T18:16:31","slug":"convencion-para-la-prevencion-y-la-sancion-del-delito-de-genocidio","status":"publish","type":"post","link":"https:\/\/espacioseducativos.ar\/nueva\/convencion-para-la-prevencion-y-la-sancion-del-delito-de-genocidio\/","title":{"rendered":"Convenci\u00f3n para la Prevenci\u00f3n y la Sanci\u00f3n del Delito de Genocidio"},"content":{"rendered":"\t\t<div data-elementor-type=\"wp-post\" data-elementor-id=\"5354\" class=\"elementor elementor-5354\">\n\t\t\t\t\t\t<section class=\"elementor-section elementor-top-section elementor-element elementor-element-0a60e45 elementor-section-boxed elementor-section-height-default elementor-section-height-default\" data-id=\"0a60e45\" data-element_type=\"section\" data-e-type=\"section\">\r\n\t\t\t\t\t\t<div class=\"elementor-container elementor-column-gap-thegem\"><div class=\"elementor-row\">\r\n\t\t\t\t\t<div class=\"elementor-column elementor-col-100 elementor-top-column elementor-element elementor-element-921a1bd\" data-id=\"921a1bd\" data-element_type=\"column\" data-e-type=\"column\">\n\t\t\t<div class=\"elementor-widget-wrap elementor-element-populated\">\n\t\t\t\t\t\t<div class=\"elementor-element elementor-element-8f224c2 flex-horizontal-align-default flex-horizontal-align-tablet-default flex-horizontal-align-mobile-default flex-vertical-align-default flex-vertical-align-tablet-default flex-vertical-align-mobile-default elementor-widget elementor-widget-text-editor\" data-id=\"8f224c2\" data-element_type=\"widget\" data-e-type=\"widget\" data-widget_type=\"text-editor.default\">\n\t\t\t\t<div class=\"elementor-widget-container\">\n\t\t\t\t\t\t\t\t\t\t\t\t<div class=\"elementor-text-editor elementor-clearfix\">\r\n\t\t\t\t\t\t<p style=\"font-size: 18px; line-height: 1.75rem; letter-spacing: 0.017rem; color: #4a4a4a; font-family: Roboto, 'Helvetica Neue', Helvetica, Arial, 'Noto Sans CJK SC', 'sans-serif';\">Adoptada y abierta a la firma y ratificaci\u00f3n, o adhesi\u00f3n, por la Asamblea General en\u00a0 su resoluci\u00f3n 260 A (III), de 9 de diciembre de 1948<\/p><p style=\"font-size: 18px; line-height: 1.75rem; letter-spacing: 0.017rem; color: #4a4a4a; font-family: Roboto, 'Helvetica Neue', Helvetica, Arial, 'Noto Sans CJK SC', 'sans-serif';\">Entrada en vigor: 12 de enero de 1951, de conformidad con el art\u00edculo XIII<\/p><p style=\"font-size: 18px; line-height: 1.75rem; letter-spacing: 0.017rem; color: #4a4a4a; font-family: Roboto, 'Helvetica Neue', Helvetica, Arial, 'Noto Sans CJK SC', 'sans-serif';\">Considerando que la Asamblea General de las Naciones Unidas, por su resoluci\u00f3n 96 (I) de 11 de diciembre de 1946, ha declarado que el genocidio es un delito de derecho internacional contrario al esp\u00edritu y a los fines de las Naciones Unidas y que el mundo civilizado condena,<\/p><p style=\"font-size: 18px; line-height: 1.75rem; letter-spacing: 0.017rem; color: #4a4a4a; font-family: Roboto, 'Helvetica Neue', Helvetica, Arial, 'Noto Sans CJK SC', 'sans-serif';\">Reconociendo que en todos los per\u00edodos de la historia el genocidio ha infligido grandes p\u00e9rdidas a la humanidad,<\/p><p style=\"font-size: 18px; line-height: 1.75rem; letter-spacing: 0.017rem; color: #4a4a4a; font-family: Roboto, 'Helvetica Neue', Helvetica, Arial, 'Noto Sans CJK SC', 'sans-serif';\">Convencidas de que para liberar a la humanidad de un flagelo tan odioso se necesita la cooperaci\u00f3n internacional,<\/p><p style=\"font-size: 18px; line-height: 1.75rem; letter-spacing: 0.017rem; color: #4a4a4a; font-family: Roboto, 'Helvetica Neue', Helvetica, Arial, 'Noto Sans CJK SC', 'sans-serif';\">Convienen en lo siguiente:<\/p><h3 id=\"article-i\" style=\"color: var(--black); font-size: 2.75rem; line-height: 1.18; font-family: FuturaStd-Bold, 'Helvetica Neue', Helvetica, Arial, 'Noto Sans CJK SC', 'sans-serif'; margin-bottom: 1.5625rem; margin-top: 4.375rem; letter-spacing: normal;\">Art\u00edculo I<\/h3><p style=\"font-size: 18px; line-height: 1.75rem; letter-spacing: 0.017rem; color: #4a4a4a; font-family: Roboto, 'Helvetica Neue', Helvetica, Arial, 'Noto Sans CJK SC', 'sans-serif';\">Las Partes contratantes confirman que el genocidio, ya sea cometido en tiempo de paz o en tiempo de guerra, es un delito de derecho internacional que ellas se comprometen a prevenir y a sancionar.<\/p><h3 id=\"article-ii\" style=\"color: var(--black); font-size: 2.75rem; line-height: 1.18; font-family: FuturaStd-Bold, 'Helvetica Neue', Helvetica, Arial, 'Noto Sans CJK SC', 'sans-serif'; margin-bottom: 1.5625rem; margin-top: 4.375rem; letter-spacing: normal;\">Art\u00edculo II<\/h3><p style=\"font-size: 18px; line-height: 1.75rem; letter-spacing: 0.017rem; color: #4a4a4a; font-family: Roboto, 'Helvetica Neue', Helvetica, Arial, 'Noto Sans CJK SC', 'sans-serif';\">En la presente Convenci\u00f3n, se entiende por genocidio cualquiera de los actos mencionados a continuaci\u00f3n, perpretados con la intenci\u00f3n de destruir, total o parcialmente, a un grupo nacional, \u00e9tnico, racial o religioso, como tal:<\/p><p style=\"font-size: 18px; line-height: 1.75rem; letter-spacing: 0.017rem; color: #4a4a4a; font-family: Roboto, 'Helvetica Neue', Helvetica, Arial, 'Noto Sans CJK SC', 'sans-serif';\">a) Matanza de miembros del grupo;<\/p><p style=\"font-size: 18px; line-height: 1.75rem; letter-spacing: 0.017rem; color: #4a4a4a; font-family: Roboto, 'Helvetica Neue', Helvetica, Arial, 'Noto Sans CJK SC', 'sans-serif';\">b) Lesi\u00f3n grave a la integridad f\u00edsica o mental de los miembros del grupo;<\/p><p style=\"font-size: 18px; line-height: 1.75rem; letter-spacing: 0.017rem; color: #4a4a4a; font-family: Roboto, 'Helvetica Neue', Helvetica, Arial, 'Noto Sans CJK SC', 'sans-serif';\">c) Sometimiento intencional del grupo a condiciones de existencia que hayan de acarrear su destrucci\u00f3n f\u00edsica, total o parcial; d) Medidas destinadas a impedir los nacimientos en el seno del grupo;<\/p><p style=\"font-size: 18px; line-height: 1.75rem; letter-spacing: 0.017rem; color: #4a4a4a; font-family: Roboto, 'Helvetica Neue', Helvetica, Arial, 'Noto Sans CJK SC', 'sans-serif';\">e) Traslado por fuerza de ni\u00f1os del grupo a otro grupo.<\/p><h3 id=\"article-iii\" style=\"color: var(--black); font-size: 2.75rem; line-height: 1.18; font-family: FuturaStd-Bold, 'Helvetica Neue', Helvetica, Arial, 'Noto Sans CJK SC', 'sans-serif'; margin-bottom: 1.5625rem; margin-top: 4.375rem; letter-spacing: normal;\">Art\u00edculo III<\/h3><p style=\"font-size: 18px; line-height: 1.75rem; letter-spacing: 0.017rem; color: #4a4a4a; font-family: Roboto, 'Helvetica Neue', Helvetica, Arial, 'Noto Sans CJK SC', 'sans-serif';\">Ser\u00e1n castigados los actos siguientes:<\/p><p style=\"font-size: 18px; line-height: 1.75rem; letter-spacing: 0.017rem; color: #4a4a4a; font-family: Roboto, 'Helvetica Neue', Helvetica, Arial, 'Noto Sans CJK SC', 'sans-serif';\">a) El genocidio;<\/p><p style=\"font-size: 18px; line-height: 1.75rem; letter-spacing: 0.017rem; color: #4a4a4a; font-family: Roboto, 'Helvetica Neue', Helvetica, Arial, 'Noto Sans CJK SC', 'sans-serif';\">b) La asociaci\u00f3n para cometer genocidio;<\/p><p style=\"font-size: 18px; line-height: 1.75rem; letter-spacing: 0.017rem; color: #4a4a4a; font-family: Roboto, 'Helvetica Neue', Helvetica, Arial, 'Noto Sans CJK SC', 'sans-serif';\">c) La instigaci\u00f3n directa y p\u00fablica a cometer genocidio;<\/p><p style=\"font-size: 18px; line-height: 1.75rem; letter-spacing: 0.017rem; color: #4a4a4a; font-family: Roboto, 'Helvetica Neue', Helvetica, Arial, 'Noto Sans CJK SC', 'sans-serif';\">d) La tentativa de genocidio;<\/p><p style=\"font-size: 18px; line-height: 1.75rem; letter-spacing: 0.017rem; color: #4a4a4a; font-family: Roboto, 'Helvetica Neue', Helvetica, Arial, 'Noto Sans CJK SC', 'sans-serif';\">e) La complicidad en el genocidio.<\/p><h3 id=\"article-iv\" style=\"color: var(--black); font-size: 2.75rem; line-height: 1.18; font-family: FuturaStd-Bold, 'Helvetica Neue', Helvetica, Arial, 'Noto Sans CJK SC', 'sans-serif'; margin-bottom: 1.5625rem; margin-top: 4.375rem; letter-spacing: normal;\">Art\u00edculo IV<\/h3><p style=\"font-size: 18px; line-height: 1.75rem; letter-spacing: 0.017rem; color: #4a4a4a; font-family: Roboto, 'Helvetica Neue', Helvetica, Arial, 'Noto Sans CJK SC', 'sans-serif';\">Las personas que hayan cometido genocidio o cualquiera de los otros actos enumerados en el art\u00edculo III, ser\u00e1n castigadas, ya se trate de gobernantes, funcionarios o particulares.<\/p><h3 id=\"article-v\" style=\"color: var(--black); font-size: 2.75rem; line-height: 1.18; font-family: FuturaStd-Bold, 'Helvetica Neue', Helvetica, Arial, 'Noto Sans CJK SC', 'sans-serif'; margin-bottom: 1.5625rem; margin-top: 4.375rem; letter-spacing: normal;\">Art\u00edculo V<\/h3><p style=\"font-size: 18px; line-height: 1.75rem; letter-spacing: 0.017rem; color: #4a4a4a; font-family: Roboto, 'Helvetica Neue', Helvetica, Arial, 'Noto Sans CJK SC', 'sans-serif';\">Las Partes contratantes se comprometen a adoptar, con arreglo a sus Constituciones respectivas, las medidas legislativas necesarias para asegurar la aplicaci\u00f3n de las disposiciones de la presente Convenci\u00f3n, y especialmente a establecer sanciones penales eficaces para castigar a las personas culpables de genocidio o de cualquier otro de los actos enumerados en el art\u00edculo III.<\/p><h3 id=\"article-vi\" style=\"color: var(--black); font-size: 2.75rem; line-height: 1.18; font-family: FuturaStd-Bold, 'Helvetica Neue', Helvetica, Arial, 'Noto Sans CJK SC', 'sans-serif'; margin-bottom: 1.5625rem; margin-top: 4.375rem; letter-spacing: normal;\">Art\u00edculo VI<\/h3><p style=\"font-size: 18px; line-height: 1.75rem; letter-spacing: 0.017rem; color: #4a4a4a; font-family: Roboto, 'Helvetica Neue', Helvetica, Arial, 'Noto Sans CJK SC', 'sans-serif';\">Las personas acusadas de genocidio o de uno cualquiera de los actos enumerados en el art\u00edculo III, ser\u00e1n juzgadas por un tribunal competente del Estado en cuyo territorio el acto fue cometido, o ante la corte penal internacional que sea competente respecto a aquellas de las Partes contratantes que hayan reconocido su jurisdicci\u00f3n.<\/p><h3 id=\"article-vii\" style=\"color: var(--black); font-size: 2.75rem; line-height: 1.18; font-family: FuturaStd-Bold, 'Helvetica Neue', Helvetica, Arial, 'Noto Sans CJK SC', 'sans-serif'; margin-bottom: 1.5625rem; margin-top: 4.375rem; letter-spacing: normal;\">Art\u00edculo VII<\/h3><p style=\"font-size: 18px; line-height: 1.75rem; letter-spacing: 0.017rem; color: #4a4a4a; font-family: Roboto, 'Helvetica Neue', Helvetica, Arial, 'Noto Sans CJK SC', 'sans-serif';\">A los efectos de extradici\u00f3n, el genocidio y los otros actos enumerados en el art\u00edculo III no ser\u00e1n considerados como delitos pol\u00edticos.<\/p><p style=\"font-size: 18px; line-height: 1.75rem; letter-spacing: 0.017rem; color: #4a4a4a; font-family: Roboto, 'Helvetica Neue', Helvetica, Arial, 'Noto Sans CJK SC', 'sans-serif';\">Las Partes contratantes se comprometen, en tal caso, a conceder la extradici\u00f3n conforme a su legislaci\u00f3n y a los tratados vigentes,<\/p><h3 id=\"article-viii\" style=\"color: var(--black); font-size: 2.75rem; line-height: 1.18; font-family: FuturaStd-Bold, 'Helvetica Neue', Helvetica, Arial, 'Noto Sans CJK SC', 'sans-serif'; margin-bottom: 1.5625rem; margin-top: 4.375rem; letter-spacing: normal;\">Art\u00edculo VIII<\/h3><p style=\"font-size: 18px; line-height: 1.75rem; letter-spacing: 0.017rem; color: #4a4a4a; font-family: Roboto, 'Helvetica Neue', Helvetica, Arial, 'Noto Sans CJK SC', 'sans-serif';\">Toda Parte contratante puede recurrir a los \u00f3rganos competentes de las Naciones Unidas a fin de que \u00e9stos tomen, conforme a la Carta de las Naciones Unidas, las medidas que juzguen apropiadas para la prevenci\u00f3n y la represi\u00f3n de actos de genocidio o de cualquiera de los otros actos enumerados en el art\u00edculo III.<\/p><h3 id=\"article-ix\" style=\"color: var(--black); font-size: 2.75rem; line-height: 1.18; font-family: FuturaStd-Bold, 'Helvetica Neue', Helvetica, Arial, 'Noto Sans CJK SC', 'sans-serif'; margin-bottom: 1.5625rem; margin-top: 4.375rem; letter-spacing: normal;\">Art\u00edculo IX<\/h3><p style=\"font-size: 18px; line-height: 1.75rem; letter-spacing: 0.017rem; color: #4a4a4a; font-family: Roboto, 'Helvetica Neue', Helvetica, Arial, 'Noto Sans CJK SC', 'sans-serif';\">Las controversias entre las Partes contratantes, relativas a la interpretaci\u00f3n, aplicaci\u00f3n o ejecuci\u00f3n de la presente Convenci\u00f3n, incluso las relativas a la responsabilidad de un Estado en materia de genocidio o en materia de cualquiera de los otros actos enumerados en el art\u00edculo III, ser\u00e1n sometidas a la Corte Internacional de Justicia a petici\u00f3n de una de las Partes en la controversia.<\/p><h3 id=\"article-x\" style=\"color: var(--black); font-size: 2.75rem; line-height: 1.18; font-family: FuturaStd-Bold, 'Helvetica Neue', Helvetica, Arial, 'Noto Sans CJK SC', 'sans-serif'; margin-bottom: 1.5625rem; margin-top: 4.375rem; letter-spacing: normal;\">Art\u00edculo X<\/h3><p style=\"font-size: 18px; line-height: 1.75rem; letter-spacing: 0.017rem; color: #4a4a4a; font-family: Roboto, 'Helvetica Neue', Helvetica, Arial, 'Noto Sans CJK SC', 'sans-serif';\">La presente Convenci\u00f3n, cuyos textos ingl\u00e9s, chino, espa\u00f1ol, franc\u00e9s y ruso ser\u00e1n igualmente aut\u00e9nticos, llevar\u00e1 la fecha de 9 de diciembre de 1948.<\/p><h3 id=\"article-xi\" style=\"color: var(--black); font-size: 2.75rem; line-height: 1.18; font-family: FuturaStd-Bold, 'Helvetica Neue', Helvetica, Arial, 'Noto Sans CJK SC', 'sans-serif'; margin-bottom: 1.5625rem; margin-top: 4.375rem; letter-spacing: normal;\">Art\u00edculo XI<\/h3><p style=\"font-size: 18px; line-height: 1.75rem; letter-spacing: 0.017rem; color: #4a4a4a; font-family: Roboto, 'Helvetica Neue', Helvetica, Arial, 'Noto Sans CJK SC', 'sans-serif';\">La presente Convenci\u00f3n estar\u00e1 abierta hasta el 31 de diciembre de 1949 a la firma de todos los Estados Miembros de las Naciones Unidas y de todos los Estados no miembros a quienes la Asamblea General haya dirigido una invitaci\u00f3n a este efecto.<\/p><p style=\"font-size: 18px; line-height: 1.75rem; letter-spacing: 0.017rem; color: #4a4a4a; font-family: Roboto, 'Helvetica Neue', Helvetica, Arial, 'Noto Sans CJK SC', 'sans-serif';\">La presente Convenci\u00f3n ser\u00e1 ratificada y los instrumentos de ratificaci\u00f3n ser\u00e1n depositados en la Secretar\u00eda General de las Naciones Unidas.<\/p><p style=\"font-size: 18px; line-height: 1.75rem; letter-spacing: 0.017rem; color: #4a4a4a; font-family: Roboto, 'Helvetica Neue', Helvetica, Arial, 'Noto Sans CJK SC', 'sans-serif';\">A partir del 1.\u00ba de enero de 1950, ser\u00e1 posible adherir a la presente Convenci\u00f3n en nombre de todo Estado Miembro de las Naciones Unidas y de todo Estado no miembro que haya recibido la invitaci\u00f3n arriba mencionada.<\/p><p style=\"font-size: 18px; line-height: 1.75rem; letter-spacing: 0.017rem; color: #4a4a4a; font-family: Roboto, 'Helvetica Neue', Helvetica, Arial, 'Noto Sans CJK SC', 'sans-serif';\">Los instrumentos de adhesi\u00f3n ser\u00e1n depositados en la Secretar\u00eda General de las Naciones Unidas.<\/p><h3 id=\"article-xii\" style=\"color: var(--black); font-size: 2.75rem; line-height: 1.18; font-family: FuturaStd-Bold, 'Helvetica Neue', Helvetica, Arial, 'Noto Sans CJK SC', 'sans-serif'; margin-bottom: 1.5625rem; margin-top: 4.375rem; letter-spacing: normal;\">Art\u00edculo XII<\/h3><p style=\"font-size: 18px; line-height: 1.75rem; letter-spacing: 0.017rem; color: #4a4a4a; font-family: Roboto, 'Helvetica Neue', Helvetica, Arial, 'Noto Sans CJK SC', 'sans-serif';\">Toda Parte contratante podr\u00e1, en todo momento, por notificaci\u00f3n dirigida al Secretario General de las Naciones Unidas, extender la aplicaci\u00f3n de la presente Convenci\u00f3n a todos los territorios o a uno cualquiera de los territorios de cuyas relaciones exteriores sea responsable.<\/p><h3 id=\"article-xiii\" style=\"color: var(--black); font-size: 2.75rem; line-height: 1.18; font-family: FuturaStd-Bold, 'Helvetica Neue', Helvetica, Arial, 'Noto Sans CJK SC', 'sans-serif'; margin-bottom: 1.5625rem; margin-top: 4.375rem; letter-spacing: normal;\">Art\u00edculo XIII<\/h3><p style=\"font-size: 18px; line-height: 1.75rem; letter-spacing: 0.017rem; color: #4a4a4a; font-family: Roboto, 'Helvetica Neue', Helvetica, Arial, 'Noto Sans CJK SC', 'sans-serif';\">En la fecha en que hayan sido depositados los veinte primeros instrumentos de ratificaci\u00f3n o de adhesi\u00f3n, el Secretario General levantar\u00e1 un acta y transmitir\u00e1 copia de dicha acta a todos los Estados Miembros de las Naciones Unidas y a los Estados no miembros a que se hace referencia en el art\u00edculo XI.<\/p><p style=\"font-size: 18px; line-height: 1.75rem; letter-spacing: 0.017rem; color: #4a4a4a; font-family: Roboto, 'Helvetica Neue', Helvetica, Arial, 'Noto Sans CJK SC', 'sans-serif';\">La presente Convenci\u00f3n entrar\u00e1 en vigor el nonag\u00e9simo d\u00eda despu\u00e9s de la fecha en que se haga el dep\u00f3sito del vig\u00e9simo instrumento de ratificaci\u00f3n o de adhesi\u00f3n.<\/p><p style=\"font-size: 18px; line-height: 1.75rem; letter-spacing: 0.017rem; color: #4a4a4a; font-family: Roboto, 'Helvetica Neue', Helvetica, Arial, 'Noto Sans CJK SC', 'sans-serif';\">Toda ratificaci\u00f3n o adhesi\u00f3n efectuada posteriormente a la \u00faltima fecha tendr\u00e1 efecto el nonag\u00e9simo d\u00eda despu\u00e9s de la fecha en que se haga el dep\u00f3sito del instrumento de ratificaci\u00f3n o de adhesi\u00f3n.<\/p><h3 id=\"article-xiv\" style=\"color: var(--black); font-size: 2.75rem; line-height: 1.18; font-family: FuturaStd-Bold, 'Helvetica Neue', Helvetica, Arial, 'Noto Sans CJK SC', 'sans-serif'; margin-bottom: 1.5625rem; margin-top: 4.375rem; letter-spacing: normal;\">Art\u00edculo XIV<\/h3><p style=\"font-size: 18px; line-height: 1.75rem; letter-spacing: 0.017rem; color: #4a4a4a; font-family: Roboto, 'Helvetica Neue', Helvetica, Arial, 'Noto Sans CJK SC', 'sans-serif';\">La presente Convenci\u00f3n tendr\u00e1 una duraci\u00f3n de diez a\u00f1os a partir de su entrada en vigor.<\/p><p style=\"font-size: 18px; line-height: 1.75rem; letter-spacing: 0.017rem; color: #4a4a4a; font-family: Roboto, 'Helvetica Neue', Helvetica, Arial, 'Noto Sans CJK SC', 'sans-serif';\">Permanecer\u00e1 depu\u00e9s en vigor por un per\u00edodo de cinco a\u00f1os; y as\u00ed sucesivamente, respecto de las Partes contratantes que no la hayan denunciado por lo menos seis meses antes de la expiraci\u00f3n del plazo.<\/p><p style=\"font-size: 18px; line-height: 1.75rem; letter-spacing: 0.017rem; color: #4a4a4a; font-family: Roboto, 'Helvetica Neue', Helvetica, Arial, 'Noto Sans CJK SC', 'sans-serif';\">La denuncia se har\u00e1 por notificaci\u00f3n dirigida al Secretario General de las Naciones Unidas.<\/p><h3 id=\"article-xv\" style=\"color: var(--black); font-size: 2.75rem; line-height: 1.18; font-family: FuturaStd-Bold, 'Helvetica Neue', Helvetica, Arial, 'Noto Sans CJK SC', 'sans-serif'; margin-bottom: 1.5625rem; margin-top: 4.375rem; letter-spacing: normal;\">Art\u00edculo XV<\/h3><p style=\"font-size: 18px; line-height: 1.75rem; letter-spacing: 0.017rem; color: #4a4a4a; font-family: Roboto, 'Helvetica Neue', Helvetica, Arial, 'Noto Sans CJK SC', 'sans-serif';\">Si, como resultado de denuncias, el n\u00famero de las Partes en la presente Convenci\u00f3n se reduce a menos de diecis\u00e9is, la Convenci\u00f3n cesar\u00e1 de estar en vigor a partir de la fecha en que la \u00faltima de esas denuncias tenga efecto.<\/p><h3 id=\"article-xvi\" style=\"color: var(--black); font-size: 2.75rem; line-height: 1.18; font-family: FuturaStd-Bold, 'Helvetica Neue', Helvetica, Arial, 'Noto Sans CJK SC', 'sans-serif'; margin-bottom: 1.5625rem; margin-top: 4.375rem; letter-spacing: normal;\">Art\u00edculo XVI<\/h3><p style=\"font-size: 18px; line-height: 1.75rem; letter-spacing: 0.017rem; color: #4a4a4a; font-family: Roboto, 'Helvetica Neue', Helvetica, Arial, 'Noto Sans CJK SC', 'sans-serif';\">Una demanda de revisi\u00f3n de la presente Convenci\u00f3n podr\u00e1 ser formulada en cualquier tiempo por cualquiera de las Partes contratantes, por medio de notificaci\u00f3n escrita dirigida al Secretario General.<\/p><p style=\"font-size: 18px; line-height: 1.75rem; letter-spacing: 0.017rem; color: #4a4a4a; font-family: Roboto, 'Helvetica Neue', Helvetica, Arial, 'Noto Sans CJK SC', 'sans-serif';\">La Asamblea General decidir\u00e1 respecto a las medidas que deban tomarse, si hubiere lugar, respecto a tal demanda.<\/p><h3 id=\"article-xvii\" style=\"color: var(--black); font-size: 2.75rem; line-height: 1.18; font-family: FuturaStd-Bold, 'Helvetica Neue', Helvetica, Arial, 'Noto Sans CJK SC', 'sans-serif'; margin-bottom: 1.5625rem; margin-top: 4.375rem; letter-spacing: normal;\">Art\u00edculo XVII<\/h3><p style=\"font-size: 18px; line-height: 1.75rem; letter-spacing: 0.017rem; color: #4a4a4a; font-family: Roboto, 'Helvetica Neue', Helvetica, Arial, 'Noto Sans CJK SC', 'sans-serif';\">El Secretario General de las Naciones Unidas notificar\u00e1 a todos los Estados Miembros de las Naciones Unidas y a los Estados no miembros a que se hace referencia en el art\u00edculo XI:<\/p><p style=\"font-size: 18px; line-height: 1.75rem; letter-spacing: 0.017rem; color: #4a4a4a; font-family: Roboto, 'Helvetica Neue', Helvetica, Arial, 'Noto Sans CJK SC', 'sans-serif';\">a) Las firmas, ratificaciones y adhesiones recibidas en aplicaci\u00f3n del art\u00edculo XI;<\/p><p style=\"font-size: 18px; line-height: 1.75rem; letter-spacing: 0.017rem; color: #4a4a4a; font-family: Roboto, 'Helvetica Neue', Helvetica, Arial, 'Noto Sans CJK SC', 'sans-serif';\">b) Las notificaciones recibidas en aplicaci\u00f3n del art\u00edculo XII;<\/p><p style=\"font-size: 18px; line-height: 1.75rem; letter-spacing: 0.017rem; color: #4a4a4a; font-family: Roboto, 'Helvetica Neue', Helvetica, Arial, 'Noto Sans CJK SC', 'sans-serif';\">c) La fecha en la que la presente Convenci\u00f3n entrar\u00e1 en vigor en aplicaci\u00f3n del art\u00edculo XIII;<\/p><p style=\"font-size: 18px; line-height: 1.75rem; letter-spacing: 0.017rem; color: #4a4a4a; font-family: Roboto, 'Helvetica Neue', Helvetica, Arial, 'Noto Sans CJK SC', 'sans-serif';\">d) Las denuncias recibidas en aplicaci\u00f3n del art\u00edculo XIV;<\/p><p style=\"font-size: 18px; line-height: 1.75rem; letter-spacing: 0.017rem; color: #4a4a4a; font-family: Roboto, 'Helvetica Neue', Helvetica, Arial, 'Noto Sans CJK SC', 'sans-serif';\">e) La abrogaci\u00f3n de la Convenci\u00f3n, en aplicaci\u00f3n del art\u00edculo XV;<\/p><p style=\"font-size: 18px; line-height: 1.75rem; letter-spacing: 0.017rem; color: #4a4a4a; font-family: Roboto, 'Helvetica Neue', Helvetica, Arial, 'Noto Sans CJK SC', 'sans-serif';\">f) Las notificaciones recibidas en aplicaci\u00f3n del art\u00edculo XVI.<\/p><h3 id=\"article-xviii\" style=\"color: var(--black); font-size: 2.75rem; line-height: 1.18; font-family: FuturaStd-Bold, 'Helvetica Neue', Helvetica, Arial, 'Noto Sans CJK SC', 'sans-serif'; margin-bottom: 1.5625rem; margin-top: 4.375rem; letter-spacing: normal;\">Art\u00edculo XVIII<\/h3><p style=\"font-size: 18px; line-height: 1.75rem; letter-spacing: 0.017rem; color: #4a4a4a; font-family: Roboto, 'Helvetica Neue', Helvetica, Arial, 'Noto Sans CJK SC', 'sans-serif';\">El original de la presente Convenci\u00f3n ser\u00e1 depositado en los archivos de las Naciones Unidas.<\/p><p style=\"font-size: 18px; line-height: 1.75rem; letter-spacing: 0.017rem; color: #4a4a4a; font-family: Roboto, 'Helvetica Neue', Helvetica, Arial, 'Noto Sans CJK SC', 'sans-serif';\">Una copia certificada ser\u00e1 dirigida a todos los Estados Miembros de las Naciones Unidas y a los Estados no miembros a que se hace referencia en el art\u00edculo XI.<\/p><h3 id=\"article-xix\" style=\"color: var(--black); font-size: 2.75rem; line-height: 1.18; font-family: FuturaStd-Bold, 'Helvetica Neue', Helvetica, Arial, 'Noto Sans CJK SC', 'sans-serif'; margin-bottom: 1.5625rem; margin-top: 4.375rem; letter-spacing: normal;\">Art\u00edculo XIX<\/h3><p style=\"font-size: 18px; line-height: 1.75rem; letter-spacing: 0.017rem; color: #4a4a4a; font-family: Roboto, 'Helvetica Neue', Helvetica, Arial, 'Noto Sans CJK SC', 'sans-serif';\">La presente Convenci\u00f3n ser\u00e1 registrada por el Secretario General de las Naciones Unidas en la fecha de su entrada en vigor.<\/p>\t\t\t\t\t\t\t<\/div>\r\n\t\t\t\t\t\t\t\t\t\t<\/div>\n\t\t\t\t<\/div>\n\t\t\t\t\t<\/div>\n\t\t<\/div>\n\t\t\t\t\t<\/div><\/div>\r\n\t\t<\/section>\r\n\t\t\t\t<\/div>\n\t\t","protected":false},"excerpt":{"rendered":"<p>Adoptada y abierta a la firma y ratificaci\u00f3n, o adhesi\u00f3n, por la Asamblea General en\u00a0 su resoluci\u00f3n 260 A (III),&#8230;<\/p>\n","protected":false},"author":2,"featured_media":0,"comment_status":"open","ping_status":"open","sticky":false,"template":"single-fullwidth.php","format":"standard","meta":{"footnotes":""},"categories":[1],"tags":[],"class_list":{"0":"post-5354","1":"post","2":"type-post","3":"status-publish","4":"format-standard","6":"category-sin-categoria"},"menu_order":0,"_links":{"self":[{"href":"https:\/\/espacioseducativos.ar\/nueva\/wp-json\/wp\/v2\/posts\/5354","targetHints":{"allow":["GET"]}}],"collection":[{"href":"https:\/\/espacioseducativos.ar\/nueva\/wp-json\/wp\/v2\/posts"}],"about":[{"href":"https:\/\/espacioseducativos.ar\/nueva\/wp-json\/wp\/v2\/types\/post"}],"author":[{"embeddable":true,"href":"https:\/\/espacioseducativos.ar\/nueva\/wp-json\/wp\/v2\/users\/2"}],"replies":[{"embeddable":true,"href":"https:\/\/espacioseducativos.ar\/nueva\/wp-json\/wp\/v2\/comments?post=5354"}],"version-history":[{"count":4,"href":"https:\/\/espacioseducativos.ar\/nueva\/wp-json\/wp\/v2\/posts\/5354\/revisions"}],"predecessor-version":[{"id":5358,"href":"https:\/\/espacioseducativos.ar\/nueva\/wp-json\/wp\/v2\/posts\/5354\/revisions\/5358"}],"wp:attachment":[{"href":"https:\/\/espacioseducativos.ar\/nueva\/wp-json\/wp\/v2\/media?parent=5354"}],"wp:term":[{"taxonomy":"category","embeddable":true,"href":"https:\/\/espacioseducativos.ar\/nueva\/wp-json\/wp\/v2\/categories?post=5354"},{"taxonomy":"post_tag","embeddable":true,"href":"https:\/\/espacioseducativos.ar\/nueva\/wp-json\/wp\/v2\/tags?post=5354"}],"curies":[{"name":"wp","href":"https:\/\/api.w.org\/{rel}","templated":true}]}}