{"id":5574,"date":"2025-10-31T14:28:15","date_gmt":"2025-10-31T14:28:15","guid":{"rendered":"https:\/\/espacioseducativos.ar\/nueva\/?p=5574"},"modified":"2025-11-06T14:41:59","modified_gmt":"2025-11-06T14:41:59","slug":"escuela-n-6104-presidente-avellaneda","status":"publish","type":"post","link":"https:\/\/espacioseducativos.ar\/nueva\/escuela-n-6104-presidente-avellaneda\/","title":{"rendered":"Escuela N\u00b0 6104 Presidente Avellaneda"},"content":{"rendered":"\t\t<div data-elementor-type=\"wp-post\" data-elementor-id=\"5574\" class=\"elementor elementor-5574\">\n\t\t\t\t\t\t<section class=\"elementor-section elementor-top-section elementor-element elementor-element-98b1d90 elementor-section-boxed elementor-section-height-default elementor-section-height-default\" data-id=\"98b1d90\" data-element_type=\"section\" data-e-type=\"section\">\r\n\t\t\t\t\t\t<div class=\"elementor-container elementor-column-gap-thegem\"><div class=\"elementor-row\">\r\n\t\t\t\t\t<div class=\"elementor-column elementor-col-100 elementor-top-column elementor-element elementor-element-0a2718a\" data-id=\"0a2718a\" data-element_type=\"column\" data-e-type=\"column\">\n\t\t\t<div class=\"elementor-widget-wrap\">\n\t\t\t\t\t\t\t<\/div>\n\t\t<\/div>\n\t\t\t\t\t<\/div><\/div>\r\n\t\t<\/section>\r\n\t\t\t\t<section class=\"elementor-section elementor-top-section elementor-element elementor-element-4cbed4f elementor-section-boxed elementor-section-height-default elementor-section-height-default\" data-id=\"4cbed4f\" data-element_type=\"section\" data-e-type=\"section\">\r\n\t\t\t\t\t\t<div class=\"elementor-container elementor-column-gap-thegem\"><div class=\"elementor-row\">\r\n\t\t\t\t\t<div class=\"elementor-column elementor-col-50 elementor-top-column elementor-element elementor-element-31aef7d\" data-id=\"31aef7d\" data-element_type=\"column\" data-e-type=\"column\">\n\t\t\t<div class=\"elementor-widget-wrap elementor-element-populated\">\n\t\t\t\t\t\t<div class=\"elementor-element elementor-element-e549aaf flex-horizontal-align-default flex-horizontal-align-tablet-default flex-horizontal-align-mobile-default flex-vertical-align-default flex-vertical-align-tablet-default flex-vertical-align-mobile-default elementor-widget elementor-widget-thegem-styled-textbox\" data-id=\"e549aaf\" data-element_type=\"widget\" data-e-type=\"widget\" data-settings=\"{&quot;thegem_elementor_preset&quot;:&quot;basic&quot;}\" data-widget_type=\"thegem-styled-textbox.default\">\n\t\t\t\t<div class=\"elementor-widget-container\">\n\t\t\t\t\t\n<div class=\"gem-textbox styled-textbox-basic\">\n\n\t\n\t\t<div class=\"gem-textbox-top gem-textbox-top-none default-fill\">\n\t\t\t\t\t<\/div>\n\t\n\t<div class=\"gem-textbox-inner\">\n\n\t\t<div class=\"gem-textbox-content default-background\">\n\n\t\t\t\n\t\t\t<div class=\"gem-texbox-text-wrapper\">\n\n\t\t\t\t\t\t\t\t\t\n\t\t\t\t\t\t<h4 class=\"gem-textbox-title title-h4 bold\">\n\t\t\t\t\t\t\tDatos del grupo:\t\t\t\t\t\t<\/h4>\n\n\t\t\t\t\t\n\t\t\t\t\t\n\t\t\t\t\t\t<div class=\"gem-textbox-description gem-text-output\">\n\t\t\t\t\t\t\t<p>Curso: 3\u00b0 grado<\/p><p>Divisi\u00f3n: A&nbsp;<\/p><p>Docente: N\u00e9lida Azucena Insaurralde y Carina Fany Marcovechio<\/p><p>Directora: Peuker Yanina<\/p><p>Escuela: Escuela N\u00b0 6104 Presidente Avellaneda<\/p><p>Localidad: Avellaneda<\/p>\t\t\t\t\t\t<\/div>\n\n\t\t\t\t\t\n\t\t\t\t\n\t\t\t\t\n\t\t\t<\/div>\n\n\t\t<\/div>\n\n\t<\/div>\n\n\t\n\t\t<div class=\"gem-textbox-bottom gem-textbox-bottom-none default-fill\">\n\t\t\t\t<\/div>\n\t\n\t\n<\/div>\n\t\t\t\t<\/div>\n\t\t\t\t<\/div>\n\t\t\t\t<div class=\"elementor-element elementor-element-53bbe45 flex-horizontal-align-default flex-horizontal-align-tablet-default flex-horizontal-align-mobile-default flex-vertical-align-default flex-vertical-align-tablet-default flex-vertical-align-mobile-default elementor-widget elementor-widget-thegem-styled-textbox\" data-id=\"53bbe45\" data-element_type=\"widget\" data-e-type=\"widget\" data-settings=\"{&quot;thegem_elementor_preset&quot;:&quot;basic&quot;}\" data-widget_type=\"thegem-styled-textbox.default\">\n\t\t\t\t<div class=\"elementor-widget-container\">\n\t\t\t\t\t\n<div class=\"gem-textbox styled-textbox-basic\">\n\n\t\n\t\t<div class=\"gem-textbox-top gem-textbox-top-none default-fill\">\n\t\t\t\t\t<\/div>\n\t\n\t<div class=\"gem-textbox-inner\">\n\n\t\t<div class=\"gem-textbox-content default-background\">\n\n\t\t\t\n\t\t\t<div class=\"gem-texbox-text-wrapper\">\n\n\t\t\t\t\t\t\t\t\t\n\t\t\t\t\t\t<h4 class=\"gem-textbox-title title-h4 bold\">\n\t\t\t\t\t\t\tTrabajo del grupo:\t\t\t\t\t\t<\/h4>\n\n\t\t\t\t\t\n\t\t\t\t\t\n\t\t\t\t\t\t<div class=\"gem-textbox-description gem-text-output\">\n\t\t\t\t\t\t\t<p><span style=\"font-weight: 400\">El grupo produjo el <\/span><b>video \u201cPodemos elegir c\u00f3mo actuar\u201d<\/b><span style=\"font-weight: 400\">, que busca visibilizar que los problemas se pueden resolver a trav\u00e9s del di\u00e1logo, sin recurrir a la violencia; tambi\u00e9n que quienes vemos malos tratos podemos intervenir para ayudar. Fue dise\u00f1ado y pensado para ni\u00f1os en edad escolar, ya que consideramos que es una etapa importante de su formaci\u00f3n personal y les servir\u00e1 para actuar en toda su vida.<\/span><\/p>\t\t\t\t\t\t<\/div>\n\n\t\t\t\t\t\n\t\t\t\t\n\t\t\t\t\n\t\t\t<\/div>\n\n\t\t<\/div>\n\n\t<\/div>\n\n\t\n\t\t<div class=\"gem-textbox-bottom gem-textbox-bottom-none default-fill\">\n\t\t\t\t<\/div>\n\t\n\t\n<\/div>\n\t\t\t\t<\/div>\n\t\t\t\t<\/div>\n\t\t\t\t\t<\/div>\n\t\t<\/div>\n\t\t\t\t<div class=\"elementor-column elementor-col-50 elementor-top-column elementor-element elementor-element-4c0a3d5\" data-id=\"4c0a3d5\" data-element_type=\"column\" data-e-type=\"column\">\n\t\t\t<div class=\"elementor-widget-wrap elementor-element-populated\">\n\t\t\t\t\t\t<div class=\"elementor-element elementor-element-3984200 flex-horizontal-align-default flex-horizontal-align-tablet-default flex-horizontal-align-mobile-default flex-vertical-align-default flex-vertical-align-tablet-default flex-vertical-align-mobile-default elementor-widget elementor-widget-thegem-styled-textbox\" data-id=\"3984200\" data-element_type=\"widget\" data-e-type=\"widget\" data-settings=\"{&quot;thegem_elementor_preset&quot;:&quot;basic&quot;}\" data-widget_type=\"thegem-styled-textbox.default\">\n\t\t\t\t<div class=\"elementor-widget-container\">\n\t\t\t\t\t\n<div class=\"gem-textbox styled-textbox-basic\">\n\n\t\n\t\t<div class=\"gem-textbox-top gem-textbox-top-none default-fill\">\n\t\t\t\t\t<\/div>\n\t\n\t<div class=\"gem-textbox-inner\">\n\n\t\t<div class=\"gem-textbox-content default-background\">\n\n\t\t\t\n\t\t\t<div class=\"gem-texbox-text-wrapper\">\n\n\t\t\t\t\t\t\t\t\t\n\t\t\t\t\t\t<h4 class=\"gem-textbox-title title-h4 bold\">\n\t\t\t\t\t\t\t<span style=\"font-family: Barlow, sans-serif;font-size: 14.6667px;font-weight: 700;letter-spacing: normal;text-align: justify\">Presentaci\u00f3n del grupo:<\/span>\t\t\t\t\t\t<\/h4>\n\n\t\t\t\t\t\n\t\t\t\t\t\n\t\t\t\t\t\t<div class=\"gem-textbox-description gem-text-output\">\n\t\t\t\t\t\t\t<span><p dir=\"ltr\" style=\"line-height:1.38;text-align: justify;margin-top:6pt;margin-bottom:6pt\"><span style=\"background-color: transparent;font-family: Barlow, sans-serif;font-size: 11pt\">Es un grupo muy predispuesto con muchas ganas de cambiar para bien las formas de actuar, con ganas de resolver conflictos de buena manera.&nbsp;<\/span><\/p><p dir=\"ltr\" style=\"line-height:1.38;text-align: justify;margin-top:6pt;margin-bottom:6pt\"><span style=\"font-size: 11pt;font-family: Barlow, sans-serif;background-color: transparent;font-weight: 700;vertical-align: baseline\">Estudiantes del grupo<\/span><\/p><ul style=\"margin-top:0;margin-bottom:0;padding-inline-start:48px\"><li dir=\"ltr\" style=\"list-style-type: disc;font-size: 11pt;font-family: Barlow, sans-serif;background-color: transparent;vertical-align: baseline\"><p dir=\"ltr\" style=\"line-height:1.38;text-align: justify;margin-top:6pt;margin-bottom:0pt\" role=\"presentation\"><span style=\"font-size: 11pt;background-color: transparent;vertical-align: baseline\">Acosta Guerre\u00f1o, Renzo<\/span><\/p><\/li><li dir=\"ltr\" style=\"list-style-type: disc;font-size: 11pt;font-family: Barlow, sans-serif;background-color: transparent;vertical-align: baseline\"><p dir=\"ltr\" style=\"line-height:1.38;text-align: justify;margin-top:0pt;margin-bottom:0pt\" role=\"presentation\"><span style=\"font-size: 11pt;background-color: transparent;vertical-align: baseline\">Avila, Zantino Sim\u00f3n<\/span><\/p><\/li><li dir=\"ltr\" style=\"list-style-type: disc;font-size: 11pt;font-family: Barlow, sans-serif;background-color: transparent;vertical-align: baseline\"><p dir=\"ltr\" style=\"line-height:1.38;text-align: justify;margin-top:0pt;margin-bottom:0pt\" role=\"presentation\"><span style=\"font-size: 11pt;background-color: transparent;vertical-align: baseline\">Ayala Torres, Yanet<\/span><\/p><\/li><li dir=\"ltr\" style=\"list-style-type: disc;font-size: 11pt;font-family: Barlow, sans-serif;background-color: transparent;vertical-align: baseline\"><p dir=\"ltr\" style=\"line-height:1.38;text-align: justify;margin-top:0pt;margin-bottom:0pt\" role=\"presentation\"><span style=\"font-size: 11pt;background-color: transparent;vertical-align: baseline\">Barrios Vera, Mayl\u00e9n<\/span><\/p><\/li><li dir=\"ltr\" style=\"list-style-type: disc;font-size: 11pt;font-family: Barlow, sans-serif;background-color: transparent;vertical-align: baseline\"><p dir=\"ltr\" style=\"line-height:1.38;text-align: justify;margin-top:0pt;margin-bottom:0pt\" role=\"presentation\"><span style=\"font-size: 11pt;background-color: transparent;vertical-align: baseline\">Capeletti Piedrabuena, Sara<\/span><\/p><\/li><li dir=\"ltr\" style=\"list-style-type: disc;font-size: 11pt;font-family: Barlow, sans-serif;background-color: transparent;vertical-align: baseline\"><p dir=\"ltr\" style=\"line-height:1.38;text-align: justify;margin-top:0pt;margin-bottom:0pt\" role=\"presentation\"><span style=\"font-size: 11pt;background-color: transparent;vertical-align: baseline\">Cayo, Ainara Luzmila<\/span><\/p><\/li><li dir=\"ltr\" style=\"list-style-type: disc;font-size: 11pt;font-family: Barlow, sans-serif;background-color: transparent;vertical-align: baseline\"><p dir=\"ltr\" style=\"line-height:1.38;text-align: justify;margin-top:0pt;margin-bottom:0pt\" role=\"presentation\"><span style=\"font-size: 11pt;background-color: transparent;vertical-align: baseline\">Cristaldo Quevedo, Juan Diego<\/span><\/p><\/li><li dir=\"ltr\" style=\"list-style-type: disc;font-size: 11pt;font-family: Barlow, sans-serif;background-color: transparent;vertical-align: baseline\"><p dir=\"ltr\" style=\"line-height:1.38;text-align: justify;margin-top:0pt;margin-bottom:0pt\" role=\"presentation\"><span style=\"font-size: 11pt;background-color: transparent;vertical-align: baseline\">Esquivel Muss\u00edn, Giovana<\/span><\/p><\/li><li dir=\"ltr\" style=\"list-style-type: disc;font-size: 11pt;font-family: Barlow, sans-serif;background-color: transparent;vertical-align: baseline\"><p dir=\"ltr\" style=\"line-height:1.38;text-align: justify;margin-top:0pt;margin-bottom:0pt\" role=\"presentation\"><span style=\"font-size: 11pt;background-color: transparent;vertical-align: baseline\">Flama, Sofia Aneley<\/span><\/p><\/li><li dir=\"ltr\" style=\"list-style-type: disc;font-size: 11pt;font-family: Barlow, sans-serif;background-color: transparent;vertical-align: baseline\"><p dir=\"ltr\" style=\"line-height:1.38;text-align: justify;margin-top:0pt;margin-bottom:0pt\" role=\"presentation\"><span style=\"font-size: 11pt;background-color: transparent;vertical-align: baseline\">Garcia Zapata, Gemma<\/span><\/p><\/li><li dir=\"ltr\" style=\"list-style-type: disc;font-size: 11pt;font-family: Barlow, sans-serif;background-color: transparent;vertical-align: baseline\"><p dir=\"ltr\" style=\"line-height:1.38;text-align: justify;margin-top:0pt;margin-bottom:0pt\" role=\"presentation\"><span style=\"font-size: 11pt;background-color: transparent;vertical-align: baseline\">Gimenez, Matias Isaias<\/span><\/p><\/li><li dir=\"ltr\" style=\"list-style-type: disc;font-size: 11pt;font-family: Barlow, sans-serif;background-color: transparent;vertical-align: baseline\"><p dir=\"ltr\" style=\"line-height:1.38;text-align: justify;margin-top:0pt;margin-bottom:0pt\" role=\"presentation\"><span style=\"font-size: 11pt;background-color: transparent;vertical-align: baseline\">Giuliani, Lourdes<\/span><\/p><\/li><li dir=\"ltr\" style=\"list-style-type: disc;font-size: 11pt;font-family: Barlow, sans-serif;background-color: transparent;vertical-align: baseline\"><p dir=\"ltr\" style=\"line-height:1.38;text-align: justify;margin-top:0pt;margin-bottom:0pt\" role=\"presentation\"><span style=\"font-size: 11pt;background-color: transparent;vertical-align: baseline\">Godoy, Emma Francezca<\/span><\/p><\/li><li dir=\"ltr\" style=\"list-style-type: disc;font-size: 11pt;font-family: Barlow, sans-serif;background-color: transparent;vertical-align: baseline\"><p dir=\"ltr\" style=\"line-height:1.38;text-align: justify;margin-top:0pt;margin-bottom:0pt\" role=\"presentation\"><span style=\"font-size: 11pt;background-color: transparent;vertical-align: baseline\">Mathieu, Elena<\/span><\/p><\/li><li dir=\"ltr\" style=\"list-style-type: disc;font-size: 11pt;font-family: Barlow, sans-serif;background-color: transparent;vertical-align: baseline\"><p dir=\"ltr\" style=\"line-height:1.38;text-align: justify;margin-top:0pt;margin-bottom:0pt\" role=\"presentation\"><span style=\"font-size: 11pt;background-color: transparent;vertical-align: baseline\">Mazzuchin, OliviaLiz<\/span><\/p><\/li><li dir=\"ltr\" style=\"list-style-type: disc;font-size: 11pt;font-family: Barlow, sans-serif;background-color: transparent;vertical-align: baseline\"><p dir=\"ltr\" style=\"line-height:1.38;text-align: justify;margin-top:0pt;margin-bottom:0pt\" role=\"presentation\"><span style=\"font-size: 11pt;background-color: transparent;vertical-align: baseline\">Pacheco, Agustina Bel\u00e9n<\/span><\/p><\/li><li dir=\"ltr\" style=\"list-style-type: disc;font-size: 11pt;font-family: Barlow, sans-serif;background-color: transparent;vertical-align: baseline\"><p dir=\"ltr\" style=\"line-height:1.38;text-align: justify;margin-top:0pt;margin-bottom:0pt\" role=\"presentation\"><span style=\"font-size: 11pt;background-color: transparent;vertical-align: baseline\">Ruiz Demartin,Thiago<\/span><\/p><\/li><li dir=\"ltr\" style=\"list-style-type: disc;font-size: 11pt;font-family: Barlow, sans-serif;background-color: transparent;vertical-align: baseline\"><p dir=\"ltr\" style=\"line-height:1.38;text-align: justify;margin-top:0pt;margin-bottom:0pt\" role=\"presentation\"><span style=\"font-size: 11pt;background-color: transparent;vertical-align: baseline\">Sosa, Yanet Soledad<\/span><\/p><\/li><li dir=\"ltr\" style=\"list-style-type: disc;font-size: 11pt;font-family: Barlow, sans-serif;background-color: transparent;vertical-align: baseline\"><p dir=\"ltr\" style=\"line-height:1.38;text-align: justify;margin-top:0pt;margin-bottom:6pt\" role=\"presentation\"><span style=\"font-size: 11pt;background-color: transparent;vertical-align: baseline\">Zorzon, Lorenzo Milo<\/span><\/p><\/li><\/ul><\/span><br>\t\t\t\t\t\t<\/div>\n\n\t\t\t\t\t\n\t\t\t\t\n\t\t\t\t\n\t\t\t<\/div>\n\n\t\t<\/div>\n\n\t<\/div>\n\n\t\n\t\t<div class=\"gem-textbox-bottom gem-textbox-bottom-none default-fill\">\n\t\t\t\t<\/div>\n\t\n\t\n<\/div>\n\t\t\t\t<\/div>\n\t\t\t\t<\/div>\n\t\t\t\t\t<\/div>\n\t\t<\/div>\n\t\t\t\t\t<\/div><\/div>\r\n\t\t<\/section>\r\n\t\t\t\t<section class=\"elementor-section elementor-top-section elementor-element elementor-element-d9a2e79 elementor-section-boxed elementor-section-height-default elementor-section-height-default\" data-id=\"d9a2e79\" data-element_type=\"section\" data-e-type=\"section\">\r\n\t\t\t\t\t\t<div class=\"elementor-container elementor-column-gap-thegem\"><div class=\"elementor-row\">\r\n\t\t\t\t\t<div class=\"elementor-column elementor-col-100 elementor-top-column elementor-element elementor-element-3803b23\" data-id=\"3803b23\" data-element_type=\"column\" data-e-type=\"column\">\n\t\t\t<div class=\"elementor-widget-wrap elementor-element-populated\">\n\t\t\t\t\t\t<div class=\"elementor-element elementor-element-53410ab flex-horizontal-align-default flex-horizontal-align-tablet-default flex-horizontal-align-mobile-default flex-vertical-align-default flex-vertical-align-tablet-default flex-vertical-align-mobile-default elementor-widget elementor-widget-video\" data-id=\"53410ab\" data-element_type=\"widget\" data-e-type=\"widget\" data-settings=\"{&quot;youtube_url&quot;:&quot;https:\\\/\\\/youtube.com\\\/shorts\\\/KyldWRsA2Sk&quot;,&quot;video_type&quot;:&quot;youtube&quot;,&quot;controls&quot;:&quot;yes&quot;}\" data-widget_type=\"video.default\">\n\t\t\t\t<div class=\"elementor-widget-container\">\n\t\t\t\t\t\t\t<div class=\"elementor-wrapper elementor-open-inline\">\n\t\t\t<div class=\"elementor-video\"><\/div>\t\t<\/div>\n\t\t\t\t\t\t<\/div>\n\t\t\t\t<\/div>\n\t\t\t\t\t<\/div>\n\t\t<\/div>\n\t\t\t\t\t<\/div><\/div>\r\n\t\t<\/section>\r\n\t\t\t\t<\/div>\n\t\t","protected":false},"excerpt":{"rendered":"<p>Datos del grupo: Curso: 3\u00b0 grado Divisi\u00f3n: A&nbsp; Docente: N\u00e9lida Azucena Insaurralde y Carina Fany Marcovechio Directora: Peuker Yanina Escuela:&#8230;<\/p>\n","protected":false},"author":2,"featured_media":0,"comment_status":"open","ping_status":"open","sticky":false,"template":"single-fullwidth.php","format":"standard","meta":{"footnotes":""},"categories":[1],"tags":[],"class_list":{"0":"post-5574","1":"post","2":"type-post","3":"status-publish","4":"format-standard","6":"category-sin-categoria"},"menu_order":0,"_links":{"self":[{"href":"https:\/\/espacioseducativos.ar\/nueva\/wp-json\/wp\/v2\/posts\/5574","targetHints":{"allow":["GET"]}}],"collection":[{"href":"https:\/\/espacioseducativos.ar\/nueva\/wp-json\/wp\/v2\/posts"}],"about":[{"href":"https:\/\/espacioseducativos.ar\/nueva\/wp-json\/wp\/v2\/types\/post"}],"author":[{"embeddable":true,"href":"https:\/\/espacioseducativos.ar\/nueva\/wp-json\/wp\/v2\/users\/2"}],"replies":[{"embeddable":true,"href":"https:\/\/espacioseducativos.ar\/nueva\/wp-json\/wp\/v2\/comments?post=5574"}],"version-history":[{"count":11,"href":"https:\/\/espacioseducativos.ar\/nueva\/wp-json\/wp\/v2\/posts\/5574\/revisions"}],"predecessor-version":[{"id":5834,"href":"https:\/\/espacioseducativos.ar\/nueva\/wp-json\/wp\/v2\/posts\/5574\/revisions\/5834"}],"wp:attachment":[{"href":"https:\/\/espacioseducativos.ar\/nueva\/wp-json\/wp\/v2\/media?parent=5574"}],"wp:term":[{"taxonomy":"category","embeddable":true,"href":"https:\/\/espacioseducativos.ar\/nueva\/wp-json\/wp\/v2\/categories?post=5574"},{"taxonomy":"post_tag","embeddable":true,"href":"https:\/\/espacioseducativos.ar\/nueva\/wp-json\/wp\/v2\/tags?post=5574"}],"curies":[{"name":"wp","href":"https:\/\/api.w.org\/{rel}","templated":true}]}}