{"id":5600,"date":"2025-10-31T16:41:18","date_gmt":"2025-10-31T16:41:18","guid":{"rendered":"https:\/\/espacioseducativos.ar\/nueva\/?p=5600"},"modified":"2025-11-07T15:45:24","modified_gmt":"2025-11-07T15:45:24","slug":"eesopi-n-1135-pbro-alcides-frencia","status":"publish","type":"post","link":"https:\/\/espacioseducativos.ar\/nueva\/eesopi-n-1135-pbro-alcides-frencia\/","title":{"rendered":"EESOPI N\u00b0 3182 Pbro Alcides Frencia"},"content":{"rendered":"\t\t<div data-elementor-type=\"wp-post\" data-elementor-id=\"5600\" class=\"elementor elementor-5600\">\n\t\t\t\t\t\t<section class=\"elementor-section elementor-top-section elementor-element elementor-element-4cbed4f elementor-section-boxed elementor-section-height-default elementor-section-height-default\" data-id=\"4cbed4f\" data-element_type=\"section\" data-e-type=\"section\">\r\n\t\t\t\t\t\t<div class=\"elementor-container elementor-column-gap-thegem\"><div class=\"elementor-row\">\r\n\t\t\t\t\t<div class=\"elementor-column elementor-col-50 elementor-top-column elementor-element elementor-element-31aef7d\" data-id=\"31aef7d\" data-element_type=\"column\" data-e-type=\"column\">\n\t\t\t<div class=\"elementor-widget-wrap elementor-element-populated\">\n\t\t\t\t\t\t<div class=\"elementor-element elementor-element-e549aaf flex-horizontal-align-default flex-horizontal-align-tablet-default flex-horizontal-align-mobile-default flex-vertical-align-default flex-vertical-align-tablet-default flex-vertical-align-mobile-default elementor-widget elementor-widget-thegem-styled-textbox\" data-id=\"e549aaf\" data-element_type=\"widget\" data-e-type=\"widget\" data-settings=\"{&quot;thegem_elementor_preset&quot;:&quot;basic&quot;}\" data-widget_type=\"thegem-styled-textbox.default\">\n\t\t\t\t<div class=\"elementor-widget-container\">\n\t\t\t\t\t\n<div class=\"gem-textbox styled-textbox-basic\">\n\n\t\n\t\t<div class=\"gem-textbox-top gem-textbox-top-none default-fill\">\n\t\t\t\t\t<\/div>\n\t\n\t<div class=\"gem-textbox-inner\">\n\n\t\t<div class=\"gem-textbox-content default-background\">\n\n\t\t\t\n\t\t\t<div class=\"gem-texbox-text-wrapper\">\n\n\t\t\t\t\t\t\t\t\t\n\t\t\t\t\t\t<h4 class=\"gem-textbox-title title-h4 bold\">\n\t\t\t\t\t\t\tDatos del grupo:\t\t\t\t\t\t<\/h4>\n\n\t\t\t\t\t\n\t\t\t\t\t\n\t\t\t\t\t\t<div class=\"gem-textbox-description gem-text-output\">\n\t\t\t\t\t\t\t<p>Curso: 4\u00b0<\/p><p>Divisi\u00f3n: A<\/p><p>Docente: Alejandra Berrone<\/p><p>Directivos: M\u00f3nica Musante<\/p><p>Escuela: EESOPI N\u00b0 3182 Pbro Alcides Frencia<\/p><p>Localidad: Laguna Paiva<\/p>\t\t\t\t\t\t<\/div>\n\n\t\t\t\t\t\n\t\t\t\t\n\t\t\t\t\n\t\t\t<\/div>\n\n\t\t<\/div>\n\n\t<\/div>\n\n\t\n\t\t<div class=\"gem-textbox-bottom gem-textbox-bottom-none default-fill\">\n\t\t\t\t<\/div>\n\t\n\t\n<\/div>\n\t\t\t\t<\/div>\n\t\t\t\t<\/div>\n\t\t\t\t<div class=\"elementor-element elementor-element-53bbe45 flex-horizontal-align-default flex-horizontal-align-tablet-default flex-horizontal-align-mobile-default flex-vertical-align-default flex-vertical-align-tablet-default flex-vertical-align-mobile-default elementor-widget elementor-widget-thegem-styled-textbox\" data-id=\"53bbe45\" data-element_type=\"widget\" data-e-type=\"widget\" data-settings=\"{&quot;thegem_elementor_preset&quot;:&quot;basic&quot;}\" data-widget_type=\"thegem-styled-textbox.default\">\n\t\t\t\t<div class=\"elementor-widget-container\">\n\t\t\t\t\t\n<div class=\"gem-textbox styled-textbox-basic\">\n\n\t\n\t\t<div class=\"gem-textbox-top gem-textbox-top-none default-fill\">\n\t\t\t\t\t<\/div>\n\t\n\t<div class=\"gem-textbox-inner\">\n\n\t\t<div class=\"gem-textbox-content default-background\">\n\n\t\t\t\n\t\t\t<div class=\"gem-texbox-text-wrapper\">\n\n\t\t\t\t\t\t\t\t\t\n\t\t\t\t\t\t<h4 class=\"gem-textbox-title title-h4 bold\">\n\t\t\t\t\t\t\tTrabajo del grupo:\t\t\t\t\t\t<\/h4>\n\n\t\t\t\t\t\n\t\t\t\t\t\n\t\t\t\t\t\t<div class=\"gem-textbox-description gem-text-output\">\n\t\t\t\t\t\t\t<p dir=\"ltr\" style=\"line-height: 1.38;text-align: justify;margin-top: 6pt;margin-bottom: 6pt\"><span style=\"font-size: 11pt;font-family: Barlow,sans-serif;color: #000000;background-color: transparent;font-weight: 400;font-style: normal;font-variant: normal;text-decoration: none;vertical-align: baseline;white-space: pre-wrap\">El grupo realiz\u00f3 distintas producciones en formato de video, imagen y texto.&nbsp;<\/span><\/p><ul style=\"margin-top: 0;margin-bottom: 0;padding-inline-start: 48px\"><li dir=\"ltr\" style=\"list-style-type: disc;font-size: 11pt;font-family: Barlow,sans-serif;color: #000000;background-color: transparent;font-weight: 400;font-style: normal;font-variant: normal;text-decoration: none;vertical-align: baseline;white-space: pre\"><p dir=\"ltr\" style=\"line-height: 1.38;text-align: justify;margin-top: 6pt;margin-bottom: 6pt\" role=\"presentation\"><strong><span style=\"font-size: 11pt;font-family: Barlow, sans-serif;color: #000000;background-color: transparent;font-style: normal;font-variant: normal;text-decoration: none;vertical-align: baseline;white-space: pre-wrap\">Video \u201cELIGE EMPAT\u00cdA, NO LA AGRESI\u00d3N\u201d y folleto \u201cVIOLENCIA ESCOLAR\u201d<\/span><\/strong><\/p><\/li><\/ul><p dir=\"ltr\" style=\"line-height: 1.38;text-align: justify;margin-top: 6pt;margin-bottom: 6pt\"><span style=\"font-size: 11pt;font-family: Barlow,sans-serif;color: #000000;background-color: transparent;font-weight: 400;font-style: normal;font-variant: normal;text-decoration: none;vertical-align: baseline;white-space: pre-wrap\">Es un video realizado por dos alumnos, en el cual se trata de reflejar que no debemos naturalizar ninguna situaci\u00f3n en la que exista la m\u00ednima se\u00f1al de violencia. Su presentaci\u00f3n estuvo orientada a analizar qu\u00e9 es la violencia y c\u00f3mo podemos prevenirla. En tal sentido, realizaron un video, junto con un folleto que se llama \u201cVIOLENCIA ESCOLAR\u201d.<\/span><\/p><ul style=\"margin-top: 0;margin-bottom: 0;padding-inline-start: 48px\"><li dir=\"ltr\" style=\"list-style-type: disc;font-size: 11pt;font-family: Barlow,sans-serif;color: #000000;background-color: transparent;font-weight: 400;font-style: normal;font-variant: normal;text-decoration: none;vertical-align: baseline;white-space: pre\"><p dir=\"ltr\" style=\"line-height: 1.38;text-align: justify;margin-top: 6pt;margin-bottom: 6pt\" role=\"presentation\"><strong><span style=\"font-size: 11pt;font-family: Barlow, sans-serif;color: #000000;background-color: transparent;font-style: normal;font-variant: normal;text-decoration: none;vertical-align: baseline;white-space: pre-wrap\">Presentaci\u00f3n: \u201cLas Caras de la Violencia\u201d<\/span><\/strong><\/p><\/li><\/ul><p dir=\"ltr\" style=\"line-height: 1.38;text-align: justify;margin-top: 6pt;margin-bottom: 6pt\"><span style=\"font-size: 11pt;font-family: Barlow,sans-serif;color: #000000;background-color: transparent;font-weight: 400;font-style: normal;font-variant: normal;text-decoration: none;vertical-align: baseline;white-space: pre-wrap\">Este grupo realiz\u00f3 una presentaci\u00f3n mostrando los distintos tipos de violencia (digital, psicol\u00f3gica y verbal). Elaboraron y presentaron un informe sobre lo que significan estos tres tipos de violencia, acciones para evitarlas o prevenirlas y las consecuencias en las y los agredidos. En cada caso, acompa\u00f1aron con un video alusivo. Adem\u00e1s organizaron actividades grupales con sus compa\u00f1eros e im\u00e1genes que invitaban a la reflexi\u00f3n y el debate.&nbsp;<\/span><\/p><ul style=\"margin-top: 0;margin-bottom: 0;padding-inline-start: 48px\"><li dir=\"ltr\" style=\"list-style-type: disc;font-size: 11pt;font-family: Barlow,sans-serif;color: #000000;background-color: transparent;font-weight: 400;font-style: normal;font-variant: normal;text-decoration: none;vertical-align: baseline;white-space: pre\"><p dir=\"ltr\" style=\"line-height: 1.38;text-align: justify;margin-top: 6pt;margin-bottom: 6pt\" role=\"presentation\"><strong><span style=\"font-size: 11pt;font-family: Barlow, sans-serif;color: #000000;background-color: transparent;font-style: normal;font-variant: normal;text-decoration: none;vertical-align: baseline;white-space: pre-wrap\">Folleto \u201cNo Violencia\u201d<\/span><\/strong><\/p><\/li><\/ul><p dir=\"ltr\" style=\"line-height: 1.38;text-align: justify;margin-top: 6pt;margin-bottom: 6pt\"><span style=\"font-size: 11pt;font-family: Barlow,sans-serif;color: #000000;background-color: transparent;font-weight: 400;font-style: normal;font-variant: normal;text-decoration: none;vertical-align: baseline;white-space: pre-wrap\">Es una presentaci\u00f3n individual de un alumno; presenta peque\u00f1os mensajes en cada carilla del folleto.&nbsp;<\/span><\/p><ul style=\"margin-top: 0;margin-bottom: 0;padding-inline-start: 48px\"><li dir=\"ltr\" style=\"list-style-type: disc;font-size: 11pt;font-family: Barlow,sans-serif;color: #000000;background-color: transparent;font-weight: 400;font-style: normal;font-variant: normal;text-decoration: none;vertical-align: baseline;white-space: pre\"><p dir=\"ltr\" style=\"line-height: 1.38;text-align: justify;margin-top: 6pt;margin-bottom: 6pt\" role=\"presentation\"><strong><span style=\"font-size: 11pt;font-family: Barlow, sans-serif;color: #000000;background-color: transparent;font-style: normal;font-variant: normal;text-decoration: none;vertical-align: baseline;white-space: pre-wrap\">Infograf\u00eda sobre \u00bfQu\u00e9 es la Violencia?\u201d<\/span><\/strong><\/p><\/li><\/ul><p dir=\"ltr\" style=\"line-height: 1.38;text-align: justify;margin-top: 6pt;margin-bottom: 6pt\"><span style=\"font-size: 11pt;font-family: Barlow,sans-serif;color: #000000;background-color: transparent;font-weight: 400;font-style: normal;font-variant: normal;text-decoration: none;vertical-align: baseline;white-space: pre-wrap\">Es una producci\u00f3n en la que se busca dar informaci\u00f3n precisa y acotada sobre el tema, los tipos que existen y c\u00f3mo podemos evitarla.<\/span><\/p><ul style=\"margin-top: 0;margin-bottom: 0;padding-inline-start: 48px\"><li dir=\"ltr\" style=\"list-style-type: disc;font-size: 11pt;font-family: Barlow,sans-serif;color: #000000;background-color: transparent;font-weight: 400;font-style: normal;font-variant: normal;text-decoration: none;vertical-align: baseline;white-space: pre\"><p dir=\"ltr\" style=\"line-height: 1.38;text-align: justify;margin-top: 6pt;margin-bottom: 6pt\" role=\"presentation\"><strong><span style=\"font-size: 11pt;font-family: Barlow, sans-serif;color: #000000;background-color: transparent;font-style: normal;font-variant: normal;text-decoration: none;vertical-align: baseline;white-space: pre-wrap\">\u201cProtecci\u00f3n y Empat\u00eda a trav\u00e9s de la no violencia\u201d<\/span><\/strong><\/p><\/li><\/ul><p dir=\"ltr\" style=\"line-height: 1.38;text-align: justify;margin-top: 6pt;margin-bottom: 6pt\"><span style=\"font-size: 11pt;font-family: Barlow,sans-serif;color: #000000;background-color: transparent;font-weight: 400;font-style: normal;font-variant: normal;text-decoration: none;vertical-align: baseline;white-space: pre-wrap\">Es una presentaci\u00f3n tipo Power Point con distintas p\u00e1ginas en las que se distinguen conceptos como la \u201cno violencia\u201d, la \u201cprotecci\u00f3n\u201d, que es la empat\u00eda y c\u00f3mo puede ser una herramienta para prevenir conflictos. Cita a referentes de la lucha por los derechos humanos que trabajaron desde la paz para concientizar su reclamo, por ejemplo: Mahatma Gandhi, Martin Luther King Jr., Malala Yousafzai, Nelson Mandela. <\/span><\/p><ul style=\"margin-top: 0;margin-bottom: 0;padding-inline-start: 48px\"><li dir=\"ltr\" style=\"list-style-type: disc;font-size: 11pt;font-family: Barlow, sans-serif;color: #000000;background-color: transparent;vertical-align: baseline\"><p dir=\"ltr\" style=\"line-height: 1.38;text-align: justify;margin-top: 6pt;margin-bottom: 6pt\" role=\"presentation\"><strong><span style=\"font-size: 11pt;background-color: transparent;vertical-align: baseline\">Collage digital \u201c\u00bfSi representamos la violencia?\"&nbsp;<\/span><\/strong><\/p><\/li><\/ul><p dir=\"ltr\" style=\"line-height: 1.38;text-align: justify;margin-top: 6pt;margin-bottom: 6pt\"><span style=\"font-size: 11pt;font-family: Barlow, sans-serif;color: #000000;background-color: transparent;vertical-align: baseline\">Este grupo busc\u00f3 visualizar e identificar diferentes situaciones de violencia presentes en la sociedad. A partir de su collage, se analizaron los mensajes encubiertos y otros m\u00e1s bien expl\u00edcitos. Las situaciones se analizan desde el lateral izquierdo hacia el derecho, atendiendo que desde la mitad del collage, empiezan a aparecer situaciones vinculadas con la empat\u00eda, la no violencia, para finalizar en la parte inferior derecha con una imagen con manos armando un rompecabezas, cuya intencionalidad es dejar el mensaje de que \u201ctoda sociedad sana en v\u00ednculos, sin violencia, es una construcci\u00f3n colectiva que depende de todos y no de unos pocos\u201d.<\/span><\/p><ul style=\"margin-top: 0;margin-bottom: 0;padding-inline-start: 48px\"><li dir=\"ltr\" style=\"list-style-type: disc;font-size: 11pt;font-family: Barlow, sans-serif;color: #000000;background-color: transparent;vertical-align: baseline\"><p dir=\"ltr\" style=\"line-height: 1.38;text-align: justify;margin-top: 6pt;margin-bottom: 6pt\" role=\"presentation\"><strong><span style=\"font-size: 11pt;background-color: transparent;vertical-align: baseline\">Concientizaci\u00f3n: \"Violencia Verbal\u201d<\/span><\/strong><\/p><\/li><\/ul><p dir=\"ltr\" style=\"line-height: 1.38;text-align: justify;margin-top: 6pt;margin-bottom: 6pt\"><span style=\"font-size: 11pt;font-family: Barlow, sans-serif;color: #000000;background-color: transparent;vertical-align: baseline\">Esta presentaci\u00f3n analiza el concepto de violencia verbal, los elementos que aparecen en las situaciones de abuso verbal y c\u00f3mo hacer frente a estas situaciones, reflexionando sobre el concepto a partir de im\u00e1genes que lo ilustran.&nbsp; Esta propuesta es acompa\u00f1ada por un cortometraje de <\/span><a href=\"https:\/\/youtu.be\/CE7oXl96rlY?si=DGHikHd_i31vSLeL\"><span style=\"font-size: 11pt;font-family: Barlow, sans-serif;color: #1155cc;background-color: transparent;vertical-align: baseline\">Ceres Machado, \u201cEs Violencia\u201d<\/span><\/a><span style=\"font-size: 11pt;font-family: Barlow, sans-serif;color: #000000;background-color: transparent;vertical-align: baseline\">.&nbsp;<\/span><\/p><ul style=\"margin-top: 0;margin-bottom: 0;padding-inline-start: 48px\"><li dir=\"ltr\" style=\"list-style-type: disc;font-size: 11pt;font-family: Barlow, sans-serif;color: #000000;background-color: transparent;vertical-align: baseline\"><p dir=\"ltr\" style=\"line-height: 1.38;text-align: justify;margin-top: 6pt;margin-bottom: 6pt\" role=\"presentation\"><strong><span style=\"font-size: 11pt;background-color: transparent;vertical-align: baseline\">\u201cVeo Humanos\u201d<\/span><\/strong><\/p><\/li><\/ul><p dir=\"ltr\" style=\"line-height: 1.38;text-align: justify;margin-top: 6pt;margin-bottom: 6pt\"><span style=\"font-size: 11pt;font-family: Barlow, sans-serif;color: #000000;background-color: transparent;vertical-align: baseline\">El video re\u00fane una serie de im\u00e1genes, fragmentos de noticias sobre diferentes casos de violencia en el mundo y locales tambi\u00e9n, como el bullying en las escuelas, ataques terroristas, guerras en Medio Oriente, peleas entre adolescentes. La secuencia muestra la gravedad de la violencia en la sociedad y un mensaje que interpela acerca de d\u00f3nde est\u00e1 la humanidad ante tanto horror.&nbsp;<\/span><\/p><ul style=\"margin-top: 0;margin-bottom: 0;padding-inline-start: 48px\"><li dir=\"ltr\" style=\"list-style-type: disc;font-size: 11pt;font-family: Barlow, sans-serif;color: #000000;background-color: transparent;vertical-align: baseline\"><p dir=\"ltr\" style=\"line-height: 1.38;text-align: justify;margin-top: 6pt;margin-bottom: 6pt\" role=\"presentation\"><strong><span style=\"font-size: 11pt;background-color: transparent;vertical-align: baseline\">Acoso escolar # No al Bullying&nbsp;<\/span><\/strong><\/p><\/li><\/ul><p dir=\"ltr\" style=\"line-height: 1.38;text-align: justify;margin-top: 6pt;margin-bottom: 6pt\"><span id=\"docs-internal-guid-c0b982ce-7fff-06f5-8276-e62e557689be\"><span style=\"font-size: 11pt;font-family: Barlow, sans-serif;color: #000000;background-color: transparent;vertical-align: baseline\">Este material lo realiz\u00f3 una alumna que sufri\u00f3 bullying en la escuela primaria. Tiene un valor muy simb\u00f3lico, es acelerada la secuencia de im\u00e1genes, pero respet\u00e9 su elecci\u00f3n y producci\u00f3n. <\/span><\/span><\/p><p><\/p>\t\t\t\t\t\t<\/div>\n\n\t\t\t\t\t\n\t\t\t\t\n\t\t\t\t\n\t\t\t<\/div>\n\n\t\t<\/div>\n\n\t<\/div>\n\n\t\n\t\t<div class=\"gem-textbox-bottom gem-textbox-bottom-none default-fill\">\n\t\t\t\t<\/div>\n\t\n\t\n<\/div>\n\t\t\t\t<\/div>\n\t\t\t\t<\/div>\n\t\t\t\t\t<\/div>\n\t\t<\/div>\n\t\t\t\t<div class=\"elementor-column elementor-col-50 elementor-top-column elementor-element elementor-element-4c0a3d5\" data-id=\"4c0a3d5\" data-element_type=\"column\" data-e-type=\"column\">\n\t\t\t<div class=\"elementor-widget-wrap elementor-element-populated\">\n\t\t\t\t\t\t<div class=\"elementor-element elementor-element-3984200 flex-horizontal-align-default flex-horizontal-align-tablet-default flex-horizontal-align-mobile-default flex-vertical-align-default flex-vertical-align-tablet-default flex-vertical-align-mobile-default elementor-widget elementor-widget-thegem-styled-textbox\" data-id=\"3984200\" data-element_type=\"widget\" data-e-type=\"widget\" data-settings=\"{&quot;thegem_elementor_preset&quot;:&quot;basic&quot;}\" data-widget_type=\"thegem-styled-textbox.default\">\n\t\t\t\t<div class=\"elementor-widget-container\">\n\t\t\t\t\t\n<div class=\"gem-textbox styled-textbox-basic\">\n\n\t\n\t\t<div class=\"gem-textbox-top gem-textbox-top-none default-fill\">\n\t\t\t\t\t<\/div>\n\t\n\t<div class=\"gem-textbox-inner\">\n\n\t\t<div class=\"gem-textbox-content default-background\">\n\n\t\t\t\n\t\t\t<div class=\"gem-texbox-text-wrapper\">\n\n\t\t\t\t\t\t\t\t\t\n\t\t\t\t\t\t<h4 class=\"gem-textbox-title title-h4 bold\">\n\t\t\t\t\t\t\tPresentaci\u00f3n del grupo:\t\t\t\t\t\t<\/h4>\n\n\t\t\t\t\t\n\t\t\t\t\t\n\t\t\t\t\t\t<div class=\"gem-textbox-description gem-text-output\">\n\t\t\t\t\t\t\t<p dir=\"ltr\" style=\"line-height: 1.38;text-align: justify;margin-top: 6pt;margin-bottom: 6pt\"><span style=\"background-color: transparent;color: #000000;font-family: Barlow, sans-serif;font-size: 11pt\">4\u00b0 a\u00f1o se caracteriza por su creatividad y por su humanidad. Es un grupo que tiene dos alumnos con S\u00edndrome de Down, m\u00e1s la gran diversidad de inteligencias presentes.<\/span><span style=\"text-align: center\">&nbsp;<\/span><\/p><p dir=\"ltr\" style=\"line-height: 1.38;text-align: justify;margin-top: 6pt;margin-bottom: 6pt\"><span style=\"font-size: 11pt;font-family: Barlow, sans-serif;color: #000000;background-color: transparent;font-weight: bold;vertical-align: baseline\">Estudiantes del grupo<\/span><\/p><ul><li dir=\"ltr\" style=\"line-height: 1.38;text-align: justify\" role=\"presentation\"><span style=\"font-size: 11pt;background-color: transparent;vertical-align: baseline\">AGUIRRE BAZ\u00c1N PATRICIO LIONEL<\/span><\/li><li dir=\"ltr\" style=\"line-height: 1.38;text-align: justify\" role=\"presentation\"><span style=\"font-size: 11pt;background-color: transparent;vertical-align: baseline\">BEDU TOZZINI AGUST\u00cdN<\/span><\/li><li dir=\"ltr\" style=\"line-height: 1.38;text-align: justify\" role=\"presentation\"><span style=\"font-size: 11pt;background-color: transparent;vertical-align: baseline\">BIROLLO ULISES DANIEL<\/span><\/li><li dir=\"ltr\" style=\"line-height: 1.38;text-align: justify\" role=\"presentation\"><span style=\"font-size: 11pt;background-color: transparent;vertical-align: baseline\">BOAGLIO ANNA<\/span><\/li><li dir=\"ltr\" style=\"line-height: 1.38;text-align: justify\" role=\"presentation\"><span style=\"font-size: 11pt;background-color: transparent;vertical-align: baseline\">BORDIGA ALDANA MILAGROS<\/span><\/li><li dir=\"ltr\" style=\"line-height: 1.38;text-align: justify\" role=\"presentation\"><span style=\"font-size: 11pt;background-color: transparent;vertical-align: baseline\">BRAVO MORENA ROC\u00cdO<\/span><\/li><li dir=\"ltr\" style=\"line-height: 1.38;text-align: justify\" role=\"presentation\"><span style=\"font-size: 11pt;background-color: transparent;vertical-align: baseline\">CEJAS HANAN YAZMIN<\/span><\/li><li dir=\"ltr\" style=\"line-height: 1.38;text-align: justify\" role=\"presentation\"><span style=\"font-size: 11pt;background-color: transparent;vertical-align: baseline\">FIGUEROA ELUNEY JESSICA<\/span><\/li><li dir=\"ltr\" style=\"line-height: 1.38;text-align: justify\" role=\"presentation\"><span style=\"font-size: 11pt;background-color: transparent;vertical-align: baseline\">GAITAN SELENA SALOM\u00c9<\/span><\/li><li dir=\"ltr\" style=\"line-height: 1.38;text-align: justify\" role=\"presentation\"><span style=\"font-size: 11pt;background-color: transparent;vertical-align: baseline\">GARRERA DANTE<\/span><\/li><li dir=\"ltr\" style=\"line-height: 1.38;text-align: justify\" role=\"presentation\"><span style=\"font-size: 11pt;background-color: transparent;vertical-align: baseline\">GRILL KEILA AINEL\u00c9N<\/span><\/li><li dir=\"ltr\" style=\"line-height: 1.38;text-align: justify\" role=\"presentation\"><span style=\"font-size: 11pt;background-color: transparent;vertical-align: baseline\">KLING YULIANA DENIS<\/span><\/li><li dir=\"ltr\" style=\"line-height: 1.38;text-align: justify\" role=\"presentation\"><span style=\"font-size: 11pt;background-color: transparent;vertical-align: baseline\">LEGUIZAM\u00d3N GUIDO JON\u00c1S<\/span><\/li><li dir=\"ltr\" style=\"line-height: 1.38;text-align: justify\" role=\"presentation\"><span style=\"font-size: 11pt;background-color: transparent;vertical-align: baseline\">LENO MAR\u00cdA BEL\u00c9N<\/span><\/li><li dir=\"ltr\" style=\"line-height: 1.38;text-align: justify\" role=\"presentation\"><span style=\"font-size: 11pt;background-color: transparent;vertical-align: baseline\">MANSILLA ANABELLA JAZM\u00cdN<\/span><\/li><li dir=\"ltr\" style=\"line-height: 1.38;text-align: justify\" role=\"presentation\"><span style=\"font-size: 11pt;background-color: transparent;vertical-align: baseline\">MARCOLONGO GUILLERMINA<\/span><\/li><li dir=\"ltr\" style=\"line-height: 1.38;text-align: justify\" role=\"presentation\"><span style=\"font-size: 11pt;background-color: transparent;vertical-align: baseline\">PALACIOS CANDELA SOFIA<\/span><\/li><li dir=\"ltr\" style=\"line-height: 1.38;text-align: justify\" role=\"presentation\"><span style=\"font-size: 11pt;background-color: transparent;vertical-align: baseline\">PAZ ALVARO<\/span><\/li><li dir=\"ltr\" style=\"line-height: 1.38;text-align: justify\" role=\"presentation\"><span style=\"font-size: 11pt;background-color: transparent;vertical-align: baseline\">REDING DELFINA JAZM\u00cdN<\/span><\/li><li dir=\"ltr\" style=\"line-height: 1.38;text-align: justify\" role=\"presentation\"><span style=\"font-size: 11pt;background-color: transparent;vertical-align: baseline\">REQUENA XIOMARA AIL\u00c9N<\/span><\/li><li dir=\"ltr\" style=\"line-height: 1.38;text-align: justify\" role=\"presentation\"><span style=\"font-size: 11pt;background-color: transparent;vertical-align: baseline\">RUIZ IGNACIO RAFAEL<\/span><\/li><li dir=\"ltr\" style=\"line-height: 1.38;text-align: justify\" role=\"presentation\"><span style=\"font-size: 11pt;background-color: transparent;vertical-align: baseline\">SOSA BAUTISTA<\/span><\/li><li dir=\"ltr\" style=\"line-height: 1.38;text-align: justify\" role=\"presentation\"><span style=\"font-size: 11pt;background-color: transparent;vertical-align: baseline\">SOSA JUAN PABLO<\/span><\/li><li dir=\"ltr\" style=\"line-height: 1.38;text-align: justify\" role=\"presentation\"><span style=\"font-size: 11pt;background-color: transparent;vertical-align: baseline\">SOSA MICAELA ABIGAIL<\/span><\/li><li dir=\"ltr\" style=\"line-height: 1.38;text-align: justify\" role=\"presentation\"><span style=\"font-size: 11pt;background-color: transparent;vertical-align: baseline\">ZOLOAGA THOM\u00c1S<\/span><\/li><\/ul>\t\t\t\t\t\t<\/div>\n\n\t\t\t\t\t\n\t\t\t\t\n\t\t\t\t\n\t\t\t<\/div>\n\n\t\t<\/div>\n\n\t<\/div>\n\n\t\n\t\t<div class=\"gem-textbox-bottom gem-textbox-bottom-none default-fill\">\n\t\t\t\t<\/div>\n\t\n\t\n<\/div>\n\t\t\t\t<\/div>\n\t\t\t\t<\/div>\n\t\t\t\t<div class=\"elementor-element elementor-element-dbe8c69 flex-horizontal-align-default flex-horizontal-align-tablet-default flex-horizontal-align-mobile-default flex-vertical-align-default flex-vertical-align-tablet-default flex-vertical-align-mobile-default elementor-widget elementor-widget-thegem-styledbutton\" data-id=\"dbe8c69\" data-element_type=\"widget\" data-e-type=\"widget\" data-settings=\"{&quot;thegem_button_skin&quot;:&quot;flat&quot;,&quot;add_icon&quot;:&quot;yes&quot;}\" data-widget_type=\"thegem-styledbutton.default\">\n\t\t\t\t<div class=\"elementor-widget-container\">\n\t\t\t\t\t\n<div class=\"gem-button-container gem-widget-button\">\n\n\t\t<a class=\"gem-button gem-button-size-large gem-button-text-weight-thin gem-button-style-flat\" href=\"https:\/\/drive.google.com\/file\/d\/1IWDeQdWyevccY4M2LprJ7HdAD_ypJzyP\/view?usp=drive_link\" target=\"_blank\">\n\t\t<span class=\"gem-inner-wrapper-btn\">\n\t\t\t\t\t\t\t<span class=\"gem-button-icon\">\n\t\t\t\t\t<i aria-hidden=\"true\" class=\"fas fa-arrow-alt-circle-down\"><\/i>\t\t\t\t<\/span>\n\t\t\t\t\t\t<span class=\"gem-text-button main-menu-item light\">\n\t\t\t\tPresentaci\u00f3n: Las caras de la violencia\t\t\t<\/span>\n\t\t<\/span>\n\t<\/a>\n\n\t\n<\/div>\t\t\t\t<\/div>\n\t\t\t\t<\/div>\n\t\t\t\t<div class=\"elementor-element elementor-element-2128364 flex-horizontal-align-default flex-horizontal-align-tablet-default flex-horizontal-align-mobile-default flex-vertical-align-default flex-vertical-align-tablet-default flex-vertical-align-mobile-default elementor-widget elementor-widget-thegem-styledimage\" data-id=\"2128364\" data-element_type=\"widget\" data-e-type=\"widget\" data-settings=\"{&quot;image&quot;:{&quot;url&quot;:&quot;https:\\\/\\\/espacioseducativos.ar\\\/nueva\\\/wp-content\\\/uploads\\\/2025\\\/10\\\/4.-Infografia-sobre-la-violencia.jpeg&quot;,&quot;id&quot;:5603,&quot;size&quot;:&quot;&quot;,&quot;alt&quot;:&quot;&quot;,&quot;source&quot;:&quot;library&quot;},&quot;thegem_elementor_preset&quot;:&quot;default&quot;,&quot;image_position&quot;:&quot;left&quot;,&quot;icon_show&quot;:&quot;yes&quot;}\" data-widget_type=\"thegem-styledimage.default\">\n\t\t\t\t<div class=\"elementor-widget-container\">\n\t\t\t\t\t\n<div class=\"styled-image-wrapper\">\n\t\t\t<div class=\"gem-image gem-wrapbox gem-wrapbox-default gem-wrapbox-position-left  \">\n\t\t\t<div class=\"gem-wrapbox-inner \" >\n\t\t\t\t\t\t\t\t<a href=\"https:\/\/espacioseducativos.ar\/nueva\/wp-content\/uploads\/2025\/10\/4.-Infografia-sobre-la-violencia.jpeg\" class=\"fancybox\">\n\t\t\t\t\t\t\t\t\t\t<img class=\"gem-wrapbox-element img-responsive \"\n\t\t\t\t\t\t src=\"https:\/\/espacioseducativos.ar\/nueva\/wp-content\/uploads\/2025\/10\/4.-Infografia-sobre-la-violencia-410x1024.jpeg\"\n\t\t\t\t\t\t alt=\"4.-Infografia-sobre-la-violencia\">\n\t\t\t\t\t\t\t\t\t\t<i aria-hidden=\"true\" class=\"fas fa-camera\"><\/i>\t\t\t\t<\/a>\n\t\t\t\t\t\t<\/div>\n\t\t<\/div>\n\t\t<\/div>\n\n\n\t\n\t\t\t\t\t\t<\/div>\n\t\t\t\t<\/div>\n\t\t\t\t\t<\/div>\n\t\t<\/div>\n\t\t\t\t\t<\/div><\/div>\r\n\t\t<\/section>\r\n\t\t\t\t<section class=\"elementor-section elementor-top-section elementor-element elementor-element-3b4e519 elementor-section-boxed elementor-section-height-default elementor-section-height-default\" data-id=\"3b4e519\" data-element_type=\"section\" data-e-type=\"section\">\r\n\t\t\t\t\t\t<div class=\"elementor-container elementor-column-gap-thegem\"><div class=\"elementor-row\">\r\n\t\t\t\t\t<div class=\"elementor-column elementor-col-100 elementor-top-column elementor-element elementor-element-c9f4511\" data-id=\"c9f4511\" data-element_type=\"column\" data-e-type=\"column\">\n\t\t\t<div class=\"elementor-widget-wrap elementor-element-populated\">\n\t\t\t\t\t\t<div class=\"elementor-element elementor-element-f8ff453 flex-horizontal-align-default flex-horizontal-align-tablet-default flex-horizontal-align-mobile-default flex-vertical-align-default flex-vertical-align-tablet-default flex-vertical-align-mobile-default elementor-widget elementor-widget-thegem-gallery-slider\" data-id=\"f8ff453\" data-element_type=\"widget\" data-e-type=\"widget\" data-settings=\"{&quot;icon_show&quot;:&quot;yes&quot;}\" data-widget_type=\"thegem-gallery-slider.default\">\n\t\t\t\t<div class=\"elementor-widget-container\">\n\t\t\t\t\t\n\t\t<div class=\"preloader\">\n\t\t\t<div class=\"preloader-spin\"><\/div>\n\t\t<\/div>\n\t\t<div class=\"gem-gallery gem-gallery-hover-default  \">\n\t\t\t\t\t\t\t\n<div class=\"gem-gallery-item\">\n\t<div class=\"gem-gallery-item-image\">\n\t\t<a href=\"https:\/\/espacioseducativos.ar\/nueva\/wp-content\/uploads\/2025\/10\/6.-Collage-digital-Si-representamos-la-violencia_-thegem-gallery-fullwidth.jpeg\"\n\t\t\tdata-full-image-url=\"https:\/\/espacioseducativos.ar\/nueva\/wp-content\/uploads\/2025\/10\/6.-Collage-digital-Si-representamos-la-violencia_.jpeg\"\n\t\t\tdata-elementor-open-lightbox=\"no\"\n\t\t\tdata-fancybox=\"gallery-69f32624a574f\">\n\t\t\t<svg class=\"arrow-mark\" width=\"20\" height=\"10\">\n\t\t\t\t<path d=\"M 0,10 Q 9,9 10,0 Q 11,9 20,10\"\/>\n\t\t\t<\/svg>\n\t\t\t<img src=\"https:\/\/espacioseducativos.ar\/nueva\/wp-content\/uploads\/2025\/10\/6.-Collage-digital-Si-representamos-la-violencia_-thegem-post-thumb-small.jpeg\"\n\t\t\t\t alt=\"6.-Collage-digital-Si-representamos-la-violencia_\" class=\"img-responsive\">\n\t\t\t<span class=\"gem-gallery-caption slide-info\">\n\t\t\t\t<span class=\"gem-gallery-item-title \">\n\t\t\t\t\t\t\t\t\t<\/span>\n\t\t\t\t<span class=\"gem-gallery-item-description\">\n\t\t\t\t\t\t\t\t\t<\/span>\n\t\t\t<\/span>\n\t\t\t<i aria-hidden=\"true\" class=\"photo-icon fas fa-camera\"><\/i>\t\t\t\t\t<\/a>\n\t<\/div>\n<\/div>\n\n\t\t\t\t\t\t\t\t\t\t\t\n<div class=\"gem-gallery-item\">\n\t<div class=\"gem-gallery-item-image\">\n\t\t<a href=\"https:\/\/espacioseducativos.ar\/nueva\/wp-content\/uploads\/2025\/10\/1.1-Folleto-Violencia-escolar-thegem-gallery-fullwidth.jpeg\"\n\t\t\tdata-full-image-url=\"https:\/\/espacioseducativos.ar\/nueva\/wp-content\/uploads\/2025\/10\/1.1-Folleto-Violencia-escolar.jpeg\"\n\t\t\tdata-elementor-open-lightbox=\"no\"\n\t\t\tdata-fancybox=\"gallery-69f32624a574f\">\n\t\t\t<svg class=\"arrow-mark\" width=\"20\" height=\"10\">\n\t\t\t\t<path d=\"M 0,10 Q 9,9 10,0 Q 11,9 20,10\"\/>\n\t\t\t<\/svg>\n\t\t\t<img src=\"https:\/\/espacioseducativos.ar\/nueva\/wp-content\/uploads\/2025\/10\/1.1-Folleto-Violencia-escolar-thegem-post-thumb-small.jpeg\"\n\t\t\t\t alt=\"1.1 Folleto Violencia escolar\" class=\"img-responsive\">\n\t\t\t<span class=\"gem-gallery-caption slide-info\">\n\t\t\t\t<span class=\"gem-gallery-item-title \">\n\t\t\t\t\t\t\t\t\t<\/span>\n\t\t\t\t<span class=\"gem-gallery-item-description\">\n\t\t\t\t\t\t\t\t\t<\/span>\n\t\t\t<\/span>\n\t\t\t<i aria-hidden=\"true\" class=\"photo-icon fas fa-camera\"><\/i>\t\t\t\t\t<\/a>\n\t<\/div>\n<\/div>\n\n\t\t\t\t\t\t\t\t\t\t\t\n<div class=\"gem-gallery-item\">\n\t<div class=\"gem-gallery-item-image\">\n\t\t<a href=\"https:\/\/espacioseducativos.ar\/nueva\/wp-content\/uploads\/2025\/10\/1-1-thegem-gallery-fullwidth.png\"\n\t\t\tdata-full-image-url=\"https:\/\/espacioseducativos.ar\/nueva\/wp-content\/uploads\/2025\/10\/1-1.png\"\n\t\t\tdata-elementor-open-lightbox=\"no\"\n\t\t\tdata-fancybox=\"gallery-69f32624a574f\">\n\t\t\t<svg class=\"arrow-mark\" width=\"20\" height=\"10\">\n\t\t\t\t<path d=\"M 0,10 Q 9,9 10,0 Q 11,9 20,10\"\/>\n\t\t\t<\/svg>\n\t\t\t<img src=\"https:\/\/espacioseducativos.ar\/nueva\/wp-content\/uploads\/2025\/10\/1-1-thegem-post-thumb-small.png\"\n\t\t\t\t alt=\"1\" class=\"img-responsive\">\n\t\t\t<span class=\"gem-gallery-caption slide-info\">\n\t\t\t\t<span class=\"gem-gallery-item-title \">\n\t\t\t\t\t\t\t\t\t<\/span>\n\t\t\t\t<span class=\"gem-gallery-item-description\">\n\t\t\t\t\t\t\t\t\t<\/span>\n\t\t\t<\/span>\n\t\t\t<i aria-hidden=\"true\" class=\"photo-icon fas fa-camera\"><\/i>\t\t\t\t\t<\/a>\n\t<\/div>\n<\/div>\n\n\t\t\t\t\t\t\t\t\t\t\t\n<div class=\"gem-gallery-item\">\n\t<div class=\"gem-gallery-item-image\">\n\t\t<a href=\"https:\/\/espacioseducativos.ar\/nueva\/wp-content\/uploads\/2025\/10\/2-1-thegem-gallery-fullwidth.png\"\n\t\t\tdata-full-image-url=\"https:\/\/espacioseducativos.ar\/nueva\/wp-content\/uploads\/2025\/10\/2-1.png\"\n\t\t\tdata-elementor-open-lightbox=\"no\"\n\t\t\tdata-fancybox=\"gallery-69f32624a574f\">\n\t\t\t<svg class=\"arrow-mark\" width=\"20\" height=\"10\">\n\t\t\t\t<path d=\"M 0,10 Q 9,9 10,0 Q 11,9 20,10\"\/>\n\t\t\t<\/svg>\n\t\t\t<img src=\"https:\/\/espacioseducativos.ar\/nueva\/wp-content\/uploads\/2025\/10\/2-1-thegem-post-thumb-small.png\"\n\t\t\t\t alt=\"2\" class=\"img-responsive\">\n\t\t\t<span class=\"gem-gallery-caption slide-info\">\n\t\t\t\t<span class=\"gem-gallery-item-title \">\n\t\t\t\t\t\t\t\t\t<\/span>\n\t\t\t\t<span class=\"gem-gallery-item-description\">\n\t\t\t\t\t\t\t\t\t<\/span>\n\t\t\t<\/span>\n\t\t\t<i aria-hidden=\"true\" class=\"photo-icon fas fa-camera\"><\/i>\t\t\t\t\t<\/a>\n\t<\/div>\n<\/div>\n\n\t\t\t\t\t\t\t\t\t<\/div>\n\t\t\t\t\t\t<\/div>\n\t\t\t\t<\/div>\n\t\t\t\t<div class=\"elementor-element elementor-element-53410ab flex-horizontal-align-default flex-horizontal-align-tablet-default flex-horizontal-align-mobile-default flex-vertical-align-default flex-vertical-align-tablet-default flex-vertical-align-mobile-default elementor-widget elementor-widget-video\" data-id=\"53410ab\" data-element_type=\"widget\" data-e-type=\"widget\" data-settings=\"{&quot;youtube_url&quot;:&quot;https:\\\/\\\/youtu.be\\\/facN1DBeJXE&quot;,&quot;video_type&quot;:&quot;youtube&quot;,&quot;controls&quot;:&quot;yes&quot;}\" data-widget_type=\"video.default\">\n\t\t\t\t<div class=\"elementor-widget-container\">\n\t\t\t\t\t\t\t<div class=\"elementor-wrapper elementor-open-inline\">\n\t\t\t<div class=\"elementor-video\"><\/div>\t\t<\/div>\n\t\t\t\t\t\t<\/div>\n\t\t\t\t<\/div>\n\t\t\t\t<div class=\"elementor-element elementor-element-6c004a5 flex-horizontal-align-default flex-horizontal-align-tablet-default flex-horizontal-align-mobile-default flex-vertical-align-default flex-vertical-align-tablet-default flex-vertical-align-mobile-default elementor-widget elementor-widget-video\" data-id=\"6c004a5\" data-element_type=\"widget\" data-e-type=\"widget\" data-settings=\"{&quot;youtube_url&quot;:&quot;https:\\\/\\\/youtu.be\\\/kJT0pFIgaUo&quot;,&quot;video_type&quot;:&quot;youtube&quot;,&quot;controls&quot;:&quot;yes&quot;}\" data-widget_type=\"video.default\">\n\t\t\t\t<div class=\"elementor-widget-container\">\n\t\t\t\t\t\t\t<div class=\"elementor-wrapper elementor-open-inline\">\n\t\t\t<div class=\"elementor-video\"><\/div>\t\t<\/div>\n\t\t\t\t\t\t<\/div>\n\t\t\t\t<\/div>\n\t\t\t\t<div class=\"elementor-element elementor-element-8288539 flex-horizontal-align-default flex-horizontal-align-tablet-default flex-horizontal-align-mobile-default flex-vertical-align-default flex-vertical-align-tablet-default flex-vertical-align-mobile-default elementor-widget elementor-widget-video\" data-id=\"8288539\" data-element_type=\"widget\" data-e-type=\"widget\" data-settings=\"{&quot;youtube_url&quot;:&quot;https:\\\/\\\/youtu.be\\\/6fmIlu9qy60&quot;,&quot;video_type&quot;:&quot;youtube&quot;,&quot;controls&quot;:&quot;yes&quot;}\" data-widget_type=\"video.default\">\n\t\t\t\t<div class=\"elementor-widget-container\">\n\t\t\t\t\t\t\t<div class=\"elementor-wrapper elementor-open-inline\">\n\t\t\t<div class=\"elementor-video\"><\/div>\t\t<\/div>\n\t\t\t\t\t\t<\/div>\n\t\t\t\t<\/div>\n\t\t\t\t<div class=\"elementor-element elementor-element-57f01d8 flex-horizontal-align-default flex-horizontal-align-tablet-default flex-horizontal-align-mobile-default flex-vertical-align-default flex-vertical-align-tablet-default flex-vertical-align-mobile-default elementor-widget elementor-widget-video\" data-id=\"57f01d8\" data-element_type=\"widget\" data-e-type=\"widget\" data-settings=\"{&quot;youtube_url&quot;:&quot;https:\\\/\\\/youtube.com\\\/shorts\\\/WjPP43yDQPM?feature=share&quot;,&quot;video_type&quot;:&quot;youtube&quot;,&quot;controls&quot;:&quot;yes&quot;}\" data-widget_type=\"video.default\">\n\t\t\t\t<div class=\"elementor-widget-container\">\n\t\t\t\t\t\t\t<div class=\"elementor-wrapper elementor-open-inline\">\n\t\t\t<div class=\"elementor-video\"><\/div>\t\t<\/div>\n\t\t\t\t\t\t<\/div>\n\t\t\t\t<\/div>\n\t\t\t\t\t<\/div>\n\t\t<\/div>\n\t\t\t\t\t<\/div><\/div>\r\n\t\t<\/section>\r\n\t\t\t\t<section class=\"elementor-section elementor-top-section elementor-element elementor-element-d9a2e79 elementor-section-boxed elementor-section-height-default elementor-section-height-default\" data-id=\"d9a2e79\" data-element_type=\"section\" data-e-type=\"section\">\r\n\t\t\t\t\t\t<div class=\"elementor-container elementor-column-gap-thegem\"><div class=\"elementor-row\">\r\n\t\t\t\t\t<div class=\"elementor-column elementor-col-100 elementor-top-column elementor-element elementor-element-3803b23\" data-id=\"3803b23\" data-element_type=\"column\" data-e-type=\"column\">\n\t\t\t<div class=\"elementor-widget-wrap\">\n\t\t\t\t\t\t\t<\/div>\n\t\t<\/div>\n\t\t\t\t\t<\/div><\/div>\r\n\t\t<\/section>\r\n\t\t\t\t<section class=\"elementor-section elementor-top-section elementor-element elementor-element-086b288 elementor-section-boxed elementor-section-height-default elementor-section-height-default\" data-id=\"086b288\" data-element_type=\"section\" data-e-type=\"section\">\r\n\t\t\t\t\t\t<div class=\"elementor-container elementor-column-gap-thegem\"><div class=\"elementor-row\">\r\n\t\t\t\t\t<div class=\"elementor-column elementor-col-100 elementor-top-column elementor-element elementor-element-7a9d166\" data-id=\"7a9d166\" data-element_type=\"column\" data-e-type=\"column\">\n\t\t\t<div class=\"elementor-widget-wrap elementor-element-populated\">\n\t\t\t\t\t\t<div class=\"elementor-element elementor-element-06cc36c flex-horizontal-align-default flex-horizontal-align-tablet-default flex-horizontal-align-mobile-default flex-vertical-align-default flex-vertical-align-tablet-default flex-vertical-align-mobile-default elementor-widget elementor-widget-thegem-styled-textbox\" data-id=\"06cc36c\" data-element_type=\"widget\" data-e-type=\"widget\" data-settings=\"{&quot;thegem_elementor_preset&quot;:&quot;basic&quot;}\" data-widget_type=\"thegem-styled-textbox.default\">\n\t\t\t\t<div class=\"elementor-widget-container\">\n\t\t\t\t\t\n<div class=\"gem-textbox styled-textbox-basic\">\n\n\t\n\t\t<div class=\"gem-textbox-top gem-textbox-top-none default-fill\">\n\t\t\t\t\t<\/div>\n\t\n\t<div class=\"gem-textbox-inner\">\n\n\t\t<div class=\"gem-textbox-content default-background\">\n\n\t\t\t\n\t\t\t<div class=\"gem-texbox-text-wrapper\">\n\n\t\t\t\t\t\t\t\t\t\n\t\t\t\t\t\t<h3 class=\"gem-textbox-title title-h3 bold\">\n\t\t\t\t\t\t\t<span class=\"a_GcMg font-feature-liga-off font-feature-clig-off font-feature-calt-off text-decoration-none text-strikethrough-none\" style=\"--Ys-XuQ: none\">PROTECCI\u00d3N Y EMPAT\u00cdA A TRAV\u00c9S DE LA NO VIOLENCIA<\/span>\t\t\t\t\t\t<\/h3>\n\n\t\t\t\t\t\n\t\t\t\t\t\n\t\t\t\t\n\t\t\t\t\n\t\t\t<\/div>\n\n\t\t<\/div>\n\n\t<\/div>\n\n\t\n\t\t<div class=\"gem-textbox-bottom gem-textbox-bottom-none default-fill\">\n\t\t\t\t<\/div>\n\t\n\t\n<\/div>\n\t\t\t\t<\/div>\n\t\t\t\t<\/div>\n\t\t\t\t<div class=\"elementor-element elementor-element-f6634e2 flex-horizontal-align-default flex-horizontal-align-tablet-default flex-horizontal-align-mobile-default flex-vertical-align-default flex-vertical-align-tablet-default flex-vertical-align-mobile-default elementor-widget elementor-widget-thegem-gallery-slider\" data-id=\"f6634e2\" data-element_type=\"widget\" data-e-type=\"widget\" data-settings=\"{&quot;icon_show&quot;:&quot;yes&quot;}\" data-widget_type=\"thegem-gallery-slider.default\">\n\t\t\t\t<div class=\"elementor-widget-container\">\n\t\t\t\t\t\n\t\t<div class=\"preloader\">\n\t\t\t<div class=\"preloader-spin\"><\/div>\n\t\t<\/div>\n\t\t<div class=\"gem-gallery gem-gallery-hover-default  \">\n\t\t\t\t\t\t\t\n<div class=\"gem-gallery-item\">\n\t<div class=\"gem-gallery-item-image\">\n\t\t<a href=\"https:\/\/espacioseducativos.ar\/nueva\/wp-content\/uploads\/2025\/10\/1-thegem-gallery-fullwidth.png\"\n\t\t\tdata-full-image-url=\"https:\/\/espacioseducativos.ar\/nueva\/wp-content\/uploads\/2025\/10\/1.png\"\n\t\t\tdata-elementor-open-lightbox=\"no\"\n\t\t\tdata-fancybox=\"gallery-69f32624a727e\">\n\t\t\t<svg class=\"arrow-mark\" width=\"20\" height=\"10\">\n\t\t\t\t<path d=\"M 0,10 Q 9,9 10,0 Q 11,9 20,10\"\/>\n\t\t\t<\/svg>\n\t\t\t<img src=\"https:\/\/espacioseducativos.ar\/nueva\/wp-content\/uploads\/2025\/10\/1-thegem-post-thumb-small.png\"\n\t\t\t\t alt=\"1\" class=\"img-responsive\">\n\t\t\t<span class=\"gem-gallery-caption slide-info\">\n\t\t\t\t<span class=\"gem-gallery-item-title \">\n\t\t\t\t\t\t\t\t\t<\/span>\n\t\t\t\t<span class=\"gem-gallery-item-description\">\n\t\t\t\t\t\t\t\t\t<\/span>\n\t\t\t<\/span>\n\t\t\t<i aria-hidden=\"true\" class=\"photo-icon fas fa-camera\"><\/i>\t\t\t\t\t<\/a>\n\t<\/div>\n<\/div>\n\n\t\t\t\t\t\t\t\t\t\t\t\n<div class=\"gem-gallery-item\">\n\t<div class=\"gem-gallery-item-image\">\n\t\t<a href=\"https:\/\/espacioseducativos.ar\/nueva\/wp-content\/uploads\/2025\/10\/2-thegem-gallery-fullwidth.png\"\n\t\t\tdata-full-image-url=\"https:\/\/espacioseducativos.ar\/nueva\/wp-content\/uploads\/2025\/10\/2.png\"\n\t\t\tdata-elementor-open-lightbox=\"no\"\n\t\t\tdata-fancybox=\"gallery-69f32624a727e\">\n\t\t\t<svg class=\"arrow-mark\" width=\"20\" height=\"10\">\n\t\t\t\t<path d=\"M 0,10 Q 9,9 10,0 Q 11,9 20,10\"\/>\n\t\t\t<\/svg>\n\t\t\t<img src=\"https:\/\/espacioseducativos.ar\/nueva\/wp-content\/uploads\/2025\/10\/2-thegem-post-thumb-small.png\"\n\t\t\t\t alt=\"2\" class=\"img-responsive\">\n\t\t\t<span class=\"gem-gallery-caption slide-info\">\n\t\t\t\t<span class=\"gem-gallery-item-title \">\n\t\t\t\t\t\t\t\t\t<\/span>\n\t\t\t\t<span class=\"gem-gallery-item-description\">\n\t\t\t\t\t\t\t\t\t<\/span>\n\t\t\t<\/span>\n\t\t\t<i aria-hidden=\"true\" class=\"photo-icon fas fa-camera\"><\/i>\t\t\t\t\t<\/a>\n\t<\/div>\n<\/div>\n\n\t\t\t\t\t\t\t\t\t\t\t\n<div class=\"gem-gallery-item\">\n\t<div class=\"gem-gallery-item-image\">\n\t\t<a href=\"https:\/\/espacioseducativos.ar\/nueva\/wp-content\/uploads\/2025\/10\/3-thegem-gallery-fullwidth.png\"\n\t\t\tdata-full-image-url=\"https:\/\/espacioseducativos.ar\/nueva\/wp-content\/uploads\/2025\/10\/3.png\"\n\t\t\tdata-elementor-open-lightbox=\"no\"\n\t\t\tdata-fancybox=\"gallery-69f32624a727e\">\n\t\t\t<svg class=\"arrow-mark\" width=\"20\" height=\"10\">\n\t\t\t\t<path d=\"M 0,10 Q 9,9 10,0 Q 11,9 20,10\"\/>\n\t\t\t<\/svg>\n\t\t\t<img src=\"https:\/\/espacioseducativos.ar\/nueva\/wp-content\/uploads\/2025\/10\/3-thegem-post-thumb-small.png\"\n\t\t\t\t alt=\"3\" class=\"img-responsive\">\n\t\t\t<span class=\"gem-gallery-caption slide-info\">\n\t\t\t\t<span class=\"gem-gallery-item-title \">\n\t\t\t\t\t\t\t\t\t<\/span>\n\t\t\t\t<span class=\"gem-gallery-item-description\">\n\t\t\t\t\t\t\t\t\t<\/span>\n\t\t\t<\/span>\n\t\t\t<i aria-hidden=\"true\" class=\"photo-icon fas fa-camera\"><\/i>\t\t\t\t\t<\/a>\n\t<\/div>\n<\/div>\n\n\t\t\t\t\t\t\t\t\t\t\t\n<div class=\"gem-gallery-item\">\n\t<div class=\"gem-gallery-item-image\">\n\t\t<a href=\"https:\/\/espacioseducativos.ar\/nueva\/wp-content\/uploads\/2025\/10\/4-thegem-gallery-fullwidth.png\"\n\t\t\tdata-full-image-url=\"https:\/\/espacioseducativos.ar\/nueva\/wp-content\/uploads\/2025\/10\/4.png\"\n\t\t\tdata-elementor-open-lightbox=\"no\"\n\t\t\tdata-fancybox=\"gallery-69f32624a727e\">\n\t\t\t<svg class=\"arrow-mark\" width=\"20\" height=\"10\">\n\t\t\t\t<path d=\"M 0,10 Q 9,9 10,0 Q 11,9 20,10\"\/>\n\t\t\t<\/svg>\n\t\t\t<img src=\"https:\/\/espacioseducativos.ar\/nueva\/wp-content\/uploads\/2025\/10\/4-thegem-post-thumb-small.png\"\n\t\t\t\t alt=\"4\" class=\"img-responsive\">\n\t\t\t<span class=\"gem-gallery-caption slide-info\">\n\t\t\t\t<span class=\"gem-gallery-item-title \">\n\t\t\t\t\t\t\t\t\t<\/span>\n\t\t\t\t<span class=\"gem-gallery-item-description\">\n\t\t\t\t\t\t\t\t\t<\/span>\n\t\t\t<\/span>\n\t\t\t<i aria-hidden=\"true\" class=\"photo-icon fas fa-camera\"><\/i>\t\t\t\t\t<\/a>\n\t<\/div>\n<\/div>\n\n\t\t\t\t\t\t\t\t\t\t\t\n<div class=\"gem-gallery-item\">\n\t<div class=\"gem-gallery-item-image\">\n\t\t<a href=\"https:\/\/espacioseducativos.ar\/nueva\/wp-content\/uploads\/2025\/10\/5-thegem-gallery-fullwidth.png\"\n\t\t\tdata-full-image-url=\"https:\/\/espacioseducativos.ar\/nueva\/wp-content\/uploads\/2025\/10\/5.png\"\n\t\t\tdata-elementor-open-lightbox=\"no\"\n\t\t\tdata-fancybox=\"gallery-69f32624a727e\">\n\t\t\t<svg class=\"arrow-mark\" width=\"20\" height=\"10\">\n\t\t\t\t<path d=\"M 0,10 Q 9,9 10,0 Q 11,9 20,10\"\/>\n\t\t\t<\/svg>\n\t\t\t<img src=\"https:\/\/espacioseducativos.ar\/nueva\/wp-content\/uploads\/2025\/10\/5-thegem-post-thumb-small.png\"\n\t\t\t\t alt=\"5\" class=\"img-responsive\">\n\t\t\t<span class=\"gem-gallery-caption slide-info\">\n\t\t\t\t<span class=\"gem-gallery-item-title \">\n\t\t\t\t\t\t\t\t\t<\/span>\n\t\t\t\t<span class=\"gem-gallery-item-description\">\n\t\t\t\t\t\t\t\t\t<\/span>\n\t\t\t<\/span>\n\t\t\t<i aria-hidden=\"true\" class=\"photo-icon fas fa-camera\"><\/i>\t\t\t\t\t<\/a>\n\t<\/div>\n<\/div>\n\n\t\t\t\t\t\t\t\t\t\t\t\n<div class=\"gem-gallery-item\">\n\t<div class=\"gem-gallery-item-image\">\n\t\t<a href=\"https:\/\/espacioseducativos.ar\/nueva\/wp-content\/uploads\/2025\/10\/6-thegem-gallery-fullwidth.png\"\n\t\t\tdata-full-image-url=\"https:\/\/espacioseducativos.ar\/nueva\/wp-content\/uploads\/2025\/10\/6.png\"\n\t\t\tdata-elementor-open-lightbox=\"no\"\n\t\t\tdata-fancybox=\"gallery-69f32624a727e\">\n\t\t\t<svg class=\"arrow-mark\" width=\"20\" height=\"10\">\n\t\t\t\t<path d=\"M 0,10 Q 9,9 10,0 Q 11,9 20,10\"\/>\n\t\t\t<\/svg>\n\t\t\t<img src=\"https:\/\/espacioseducativos.ar\/nueva\/wp-content\/uploads\/2025\/10\/6-thegem-post-thumb-small.png\"\n\t\t\t\t alt=\"6\" class=\"img-responsive\">\n\t\t\t<span class=\"gem-gallery-caption slide-info\">\n\t\t\t\t<span class=\"gem-gallery-item-title \">\n\t\t\t\t\t\t\t\t\t<\/span>\n\t\t\t\t<span class=\"gem-gallery-item-description\">\n\t\t\t\t\t\t\t\t\t<\/span>\n\t\t\t<\/span>\n\t\t\t<i aria-hidden=\"true\" class=\"photo-icon fas fa-camera\"><\/i>\t\t\t\t\t<\/a>\n\t<\/div>\n<\/div>\n\n\t\t\t\t\t\t\t\t\t\t\t\n<div class=\"gem-gallery-item\">\n\t<div class=\"gem-gallery-item-image\">\n\t\t<a href=\"https:\/\/espacioseducativos.ar\/nueva\/wp-content\/uploads\/2025\/10\/7-thegem-gallery-fullwidth.png\"\n\t\t\tdata-full-image-url=\"https:\/\/espacioseducativos.ar\/nueva\/wp-content\/uploads\/2025\/10\/7.png\"\n\t\t\tdata-elementor-open-lightbox=\"no\"\n\t\t\tdata-fancybox=\"gallery-69f32624a727e\">\n\t\t\t<svg class=\"arrow-mark\" width=\"20\" height=\"10\">\n\t\t\t\t<path d=\"M 0,10 Q 9,9 10,0 Q 11,9 20,10\"\/>\n\t\t\t<\/svg>\n\t\t\t<img src=\"https:\/\/espacioseducativos.ar\/nueva\/wp-content\/uploads\/2025\/10\/7-thegem-post-thumb-small.png\"\n\t\t\t\t alt=\"7\" class=\"img-responsive\">\n\t\t\t<span class=\"gem-gallery-caption slide-info\">\n\t\t\t\t<span class=\"gem-gallery-item-title \">\n\t\t\t\t\t\t\t\t\t<\/span>\n\t\t\t\t<span class=\"gem-gallery-item-description\">\n\t\t\t\t\t\t\t\t\t<\/span>\n\t\t\t<\/span>\n\t\t\t<i aria-hidden=\"true\" class=\"photo-icon fas fa-camera\"><\/i>\t\t\t\t\t<\/a>\n\t<\/div>\n<\/div>\n\n\t\t\t\t\t\t\t\t\t<\/div>\n\t\t\t\t\t\t<\/div>\n\t\t\t\t<\/div>\n\t\t\t\t\t<\/div>\n\t\t<\/div>\n\t\t\t\t\t<\/div><\/div>\r\n\t\t<\/section>\r\n\t\t\t\t<\/div>\n\t\t","protected":false},"excerpt":{"rendered":"<p>Datos del grupo: Curso: 4\u00b0 Divisi\u00f3n: A Docente: Alejandra Berrone Directivos: M\u00f3nica Musante Escuela: EESOPI N\u00b0 3182 Pbro Alcides Frencia&#8230;<\/p>\n","protected":false},"author":2,"featured_media":0,"comment_status":"open","ping_status":"open","sticky":false,"template":"single-fullwidth.php","format":"standard","meta":{"footnotes":""},"categories":[1],"tags":[],"class_list":{"0":"post-5600","1":"post","2":"type-post","3":"status-publish","4":"format-standard","6":"category-sin-categoria"},"menu_order":0,"_links":{"self":[{"href":"https:\/\/espacioseducativos.ar\/nueva\/wp-json\/wp\/v2\/posts\/5600","targetHints":{"allow":["GET"]}}],"collection":[{"href":"https:\/\/espacioseducativos.ar\/nueva\/wp-json\/wp\/v2\/posts"}],"about":[{"href":"https:\/\/espacioseducativos.ar\/nueva\/wp-json\/wp\/v2\/types\/post"}],"author":[{"embeddable":true,"href":"https:\/\/espacioseducativos.ar\/nueva\/wp-json\/wp\/v2\/users\/2"}],"replies":[{"embeddable":true,"href":"https:\/\/espacioseducativos.ar\/nueva\/wp-json\/wp\/v2\/comments?post=5600"}],"version-history":[{"count":20,"href":"https:\/\/espacioseducativos.ar\/nueva\/wp-json\/wp\/v2\/posts\/5600\/revisions"}],"predecessor-version":[{"id":5996,"href":"https:\/\/espacioseducativos.ar\/nueva\/wp-json\/wp\/v2\/posts\/5600\/revisions\/5996"}],"wp:attachment":[{"href":"https:\/\/espacioseducativos.ar\/nueva\/wp-json\/wp\/v2\/media?parent=5600"}],"wp:term":[{"taxonomy":"category","embeddable":true,"href":"https:\/\/espacioseducativos.ar\/nueva\/wp-json\/wp\/v2\/categories?post=5600"},{"taxonomy":"post_tag","embeddable":true,"href":"https:\/\/espacioseducativos.ar\/nueva\/wp-json\/wp\/v2\/tags?post=5600"}],"curies":[{"name":"wp","href":"https:\/\/api.w.org\/{rel}","templated":true}]}}