{"id":5631,"date":"2025-11-03T14:34:38","date_gmt":"2025-11-03T14:34:38","guid":{"rendered":"https:\/\/espacioseducativos.ar\/nueva\/?p=5631"},"modified":"2025-11-06T15:21:59","modified_gmt":"2025-11-06T15:21:59","slug":"el-lecturon","status":"publish","type":"post","link":"https:\/\/espacioseducativos.ar\/nueva\/el-lecturon\/","title":{"rendered":"El Lectur\u00f3n"},"content":{"rendered":"\t\t<div data-elementor-type=\"wp-post\" data-elementor-id=\"5631\" class=\"elementor elementor-5631\">\n\t\t\t\t\t\t<section class=\"elementor-section elementor-top-section elementor-element elementor-element-4cbed4f elementor-section-boxed elementor-section-height-default elementor-section-height-default\" data-id=\"4cbed4f\" data-element_type=\"section\" data-e-type=\"section\">\r\n\t\t\t\t\t\t<div class=\"elementor-container elementor-column-gap-thegem\"><div class=\"elementor-row\">\r\n\t\t\t\t\t<div class=\"elementor-column elementor-col-50 elementor-top-column elementor-element elementor-element-31aef7d\" data-id=\"31aef7d\" data-element_type=\"column\" data-e-type=\"column\">\n\t\t\t<div class=\"elementor-widget-wrap elementor-element-populated\">\n\t\t\t\t\t\t<div class=\"elementor-element elementor-element-e549aaf flex-horizontal-align-default flex-horizontal-align-tablet-default flex-horizontal-align-mobile-default flex-vertical-align-default flex-vertical-align-tablet-default flex-vertical-align-mobile-default elementor-widget elementor-widget-thegem-styled-textbox\" data-id=\"e549aaf\" data-element_type=\"widget\" data-e-type=\"widget\" data-settings=\"{&quot;thegem_elementor_preset&quot;:&quot;basic&quot;}\" data-widget_type=\"thegem-styled-textbox.default\">\n\t\t\t\t<div class=\"elementor-widget-container\">\n\t\t\t\t\t\n<div class=\"gem-textbox styled-textbox-basic\">\n\n\t\n\t\t<div class=\"gem-textbox-top gem-textbox-top-none default-fill\">\n\t\t\t\t\t<\/div>\n\t\n\t<div class=\"gem-textbox-inner\">\n\n\t\t<div class=\"gem-textbox-content default-background\">\n\n\t\t\t\n\t\t\t<div class=\"gem-texbox-text-wrapper\">\n\n\t\t\t\t\t\t\t\t\t\n\t\t\t\t\t\t<h4 class=\"gem-textbox-title title-h4 bold\">\n\t\t\t\t\t\t\tDatos del grupo:\t\t\t\t\t\t<\/h4>\n\n\t\t\t\t\t\n\t\t\t\t\t\n\t\t\t\t\t\t<div class=\"gem-textbox-description gem-text-output\">\n\t\t\t\t\t\t\t<p dir=\"ltr\" style=\"line-height:1.38;text-align: justify;margin-top:6pt;margin-bottom:6pt\"><span style=\"font-size:11pt;font-family:Barlow,sans-serif;color:#000000;background-color:transparent;font-weight:400;font-style:normal;font-variant:normal;text-decoration:none;vertical-align:baseline;white-space:pre;white-space:pre-wrap\">Curso: El Lectu Joven (compuesto por j\u00f3venes de diversas instituciones, cursando sexto y s\u00e9ptimo de primaria, y primero, segundo, tercero, cuarto y quinto de secundaria).<\/span><\/p><p dir=\"ltr\" style=\"line-height:1.38;text-align: justify;margin-top:6pt;margin-bottom:6pt\"><span style=\"font-size:11pt;font-family:Barlow,sans-serif;color:#000000;background-color:transparent;font-weight:400;font-style:normal;font-variant:normal;text-decoration:none;vertical-align:baseline;white-space:pre;white-space:pre-wrap\">Docente: Mar\u00eda Bel\u00e9n Lamboglia Perri y Pablo Bosch<\/span><\/p><p dir=\"ltr\" style=\"line-height:1.38;text-align: justify;margin-top:6pt;margin-bottom:6pt\"><span style=\"font-size:11pt;font-family:Barlow,sans-serif;color:#000000;background-color:transparent;font-weight:400;font-style:normal;font-variant:normal;text-decoration:none;vertical-align:baseline;white-space:pre;white-space:pre-wrap\">Directivos: Mar\u00eda Bel\u00e9n Lamboglia Perri&nbsp;<\/span><\/p><p dir=\"ltr\" style=\"line-height:1.38;text-align: justify;margin-top:6pt;margin-bottom:6pt\"><span style=\"font-size:11pt;font-family:Barlow,sans-serif;color:#000000;background-color:transparent;font-weight:400;font-style:normal;font-variant:normal;text-decoration:none;vertical-align:baseline;white-space:pre;white-space:pre-wrap\">Instituci\u00f3n: El Lectur\u00f3n<\/span><\/p><p dir=\"ltr\" style=\"line-height:1.38;text-align: justify;margin-top:6pt;margin-bottom:6pt\"><span id=\"docs-internal-guid-cef996c6-7fff-aeae-3076-c84c60d9ea2a\"><\/span><\/p><p dir=\"ltr\" style=\"line-height:1.38;text-align: justify;margin-top:6pt;margin-bottom:6pt\"><span style=\"font-size:11pt;font-family:Barlow,sans-serif;color:#000000;background-color:transparent;font-weight:400;font-style:normal;font-variant:normal;text-decoration:none;vertical-align:baseline;white-space:pre;white-space:pre-wrap\">Localidad: Santa Fe<\/span><\/p>\t\t\t\t\t\t<\/div>\n\n\t\t\t\t\t\n\t\t\t\t\n\t\t\t\t\n\t\t\t<\/div>\n\n\t\t<\/div>\n\n\t<\/div>\n\n\t\n\t\t<div class=\"gem-textbox-bottom gem-textbox-bottom-none default-fill\">\n\t\t\t\t<\/div>\n\t\n\t\n<\/div>\n\t\t\t\t<\/div>\n\t\t\t\t<\/div>\n\t\t\t\t<div class=\"elementor-element elementor-element-53bbe45 flex-horizontal-align-default flex-horizontal-align-tablet-default flex-horizontal-align-mobile-default flex-vertical-align-default flex-vertical-align-tablet-default flex-vertical-align-mobile-default elementor-widget elementor-widget-thegem-styled-textbox\" data-id=\"53bbe45\" data-element_type=\"widget\" data-e-type=\"widget\" data-settings=\"{&quot;thegem_elementor_preset&quot;:&quot;basic&quot;}\" data-widget_type=\"thegem-styled-textbox.default\">\n\t\t\t\t<div class=\"elementor-widget-container\">\n\t\t\t\t\t\n<div class=\"gem-textbox styled-textbox-basic\">\n\n\t\n\t\t<div class=\"gem-textbox-top gem-textbox-top-none default-fill\">\n\t\t\t\t\t<\/div>\n\t\n\t<div class=\"gem-textbox-inner\">\n\n\t\t<div class=\"gem-textbox-content default-background\">\n\n\t\t\t\n\t\t\t<div class=\"gem-texbox-text-wrapper\">\n\n\t\t\t\t\t\t\t\t\t\n\t\t\t\t\t\t<h4 class=\"gem-textbox-title title-h4 bold\">\n\t\t\t\t\t\t\tPresentaci\u00f3n del grupo:\t\t\t\t\t\t<\/h4>\n\n\t\t\t\t\t\n\t\t\t\t\t\n\t\t\t\t\t\t<div class=\"gem-textbox-description gem-text-output\">\n\t\t\t\t\t\t\t<p><span style=\"background-color: transparent;font-family: Barlow, sans-serif;font-size: 11pt;text-align: justify\">Mi nombre es Julia Sof\u00eda Casta\u00f1eda y soy la responsable asignada para escribir la presentaci\u00f3n del proyecto al que nos sumamos por invitaci\u00f3n de Espacios Educativos.<\/span><\/p><span id=\"docs-internal-guid-a7c81334-7fff-4741-3859-f74cada0a747\"><p dir=\"ltr\" style=\"line-height:1.38;text-align: justify;margin-top:6pt;margin-bottom:6pt\"><span style=\"font-size: 11pt;font-family: Barlow, sans-serif;background-color: transparent;vertical-align: baseline\">Las ideas fueron pensadas en el espacio del taller El Lectur\u00f3n, en el grupo que integro desde los 11 a\u00f1os, o sea, desde hace 36 meses, llamado \u201cEl Lectu Joven\u201d.<\/span><\/p><p dir=\"ltr\" style=\"line-height:1.38;text-align: justify;margin-top:6pt;margin-bottom:6pt\"><span style=\"font-size: 11pt;font-family: Barlow, sans-serif;background-color: transparent;vertical-align: baseline\">Nuestra iniciativa de la apertura y administraci\u00f3n de perfiles en las redes que usamos surgi\u00f3 para llegar a aquellos chicos y chicas que est\u00e1n pasando por alg\u00fan tipo violencia que tal vez no reconocen. Con esto queremos promover las charlas hacia esas personas que est\u00e1n pasando por situaciones parecidas y no se animan a decirlo por miedo a ser juzgados o discriminados.&nbsp;<\/span><\/p><p dir=\"ltr\" style=\"line-height:1.38;text-align: justify;margin-top:6pt;margin-bottom:6pt\"><span style=\"font-size: 11pt;font-family: Barlow, sans-serif;background-color: transparent;vertical-align: baseline\">Dentro de las averiguaciones realizadas sobre el tema de los roles en las situaciones de violencia notamos que es un poco tab\u00fa el registro de los mismos e incluso consideramos que ya es urgente extender el mensaje porque muchas personas pasan por esto sin poder sentir al menos que se las escucha desde su punto de vista y en nuestra provincia los casos no s\u00f3lo dan cuenta de la falta de disposici\u00f3n dentro de los \u00e1mbitos escolares para el trabajo de los v\u00ednculos entre compa\u00f1eros y compa\u00f1eras que necesariamente y sin recurrir a demasiadas teor\u00edas sabemos que la comunidad educativa toda (en este sentido, incluimos a las familias y el acompa\u00f1amiento conjunto a docentes y directivos y tambi\u00e9n la observancia de especialistas como psic\u00f3logos, ludotecarios, psicopedagogos y supervisores escolares) hoy parecen estar muy lejos de las relaciones esenciales para lograr la educaci\u00f3n sin discriminaci\u00f3n y violencias.<\/span><\/p><p dir=\"ltr\" style=\"line-height:1.38;text-align: justify;margin-top:6pt;margin-bottom:6pt\"><span style=\"font-size: 11pt;font-family: Barlow, sans-serif;background-color: transparent;vertical-align: baseline\">Por eso, con este proyecto les queremos brindar nuestro apoyo y compa\u00f1\u00eda, para que sepan que no est\u00e1n solos ni solas, como espacio de compromiso social. Apoyamos las ideas presentes en el libro que crearon y les agradecemos a todo el equipo de Espacios Educativos por convocarnos, recibirnos, ense\u00f1arnos y construir siempre un mejor discurso social.<\/span><span style=\"text-align: left\"><\/span><\/p><\/span>\t\t\t\t\t\t<\/div>\n\n\t\t\t\t\t\n\t\t\t\t\n\t\t\t\t\n\t\t\t<\/div>\n\n\t\t<\/div>\n\n\t<\/div>\n\n\t\n\t\t<div class=\"gem-textbox-bottom gem-textbox-bottom-none default-fill\">\n\t\t\t\t<\/div>\n\t\n\t\n<\/div>\n\t\t\t\t<\/div>\n\t\t\t\t<\/div>\n\t\t\t\t<div class=\"elementor-element elementor-element-1ebab6f flex-horizontal-align-default flex-horizontal-align-tablet-default flex-horizontal-align-mobile-default flex-vertical-align-default flex-vertical-align-tablet-default flex-vertical-align-mobile-default elementor-widget elementor-widget-thegem-styled-textbox\" data-id=\"1ebab6f\" data-element_type=\"widget\" data-e-type=\"widget\" data-settings=\"{&quot;thegem_elementor_preset&quot;:&quot;basic&quot;}\" data-widget_type=\"thegem-styled-textbox.default\">\n\t\t\t\t<div class=\"elementor-widget-container\">\n\t\t\t\t\t\n<div class=\"gem-textbox styled-textbox-basic\">\n\n\t\n\t\t<div class=\"gem-textbox-top gem-textbox-top-none default-fill\">\n\t\t\t\t\t<\/div>\n\t\n\t<div class=\"gem-textbox-inner\">\n\n\t\t<div class=\"gem-textbox-content default-background\">\n\n\t\t\t\n\t\t\t<div class=\"gem-texbox-text-wrapper\">\n\n\t\t\t\t\t\t\t\t\t\n\t\t\t\t\t\t<h4 class=\"gem-textbox-title title-h4 bold\">\n\t\t\t\t\t\t\tTrabajo del grupo:\t\t\t\t\t\t<\/h4>\n\n\t\t\t\t\t\n\t\t\t\t\t\n\t\t\t\t\t\t<div class=\"gem-textbox-description gem-text-output\">\n\t\t\t\t\t\t\t<p><strong style=\"background-color: transparent;color: #000000;font-family: Barlow, sans-serif;font-size: 11pt;text-align: justify\">\"El poder de las palabras\"<\/strong><span style=\"background-color: transparent;color: #000000;font-family: Barlow, sans-serif;font-size: 11pt;text-align: justify\"> es una producci\u00f3n de materiales visuales y audiovisuales destinada a expresar y exponer definiciones sobre los roles que se incluyen en situaciones de violencias que involucran a infancias y juventudes.<\/span><\/p><p dir=\"ltr\" style=\"line-height: 1.38;text-align: justify;margin-top: 6pt;margin-bottom: 6pt\"><span style=\"font-size: 11pt;font-family: Barlow, sans-serif;color: #000000;background-color: transparent;vertical-align: baseline\">El grupo produjo <strong>materiales de difusi\u00f3n sobre la tem\u00e1tica<\/strong>, que fueron publicados en perfiles de redes sociales (eligieron TIK TOK, INSTAGRAM, BLOGGER Y WHATSAPP), motivando sentimientos positivos a trav\u00e9s de una comunicaci\u00f3n asertiva dentro de las comunidades digitales, en busca de garantizar un camino a elecciones de acciones sociales que hagan de las diferencias un poder y no una grieta. Tambi\u00e9n crearon un c\u00f3digo QR para distribuir en las librer\u00edas \u201cDel otro lado libros\u201d y \u201cLibrevirtual\u201d afiches y se\u00f1aladores con textos sobre la prevenci\u00f3n del acoso escolar, en los que se insert\u00f3 el QR para escanear y acceder a los enlaces elegidos.<\/span><\/p><p dir=\"ltr\" style=\"line-height: 1.38;text-align: justify;margin-top: 6pt;margin-bottom: 6pt\"><span style=\"font-size: 11pt;font-family: Barlow, sans-serif;color: #000000;background-color: transparent;vertical-align: baseline\">Tambi\u00e9n se cuenta con una cuenta en Spotify que se denomina <strong>\u201cNinguna cuesti\u00f3n m\u00ednima\u201d<\/strong> que contiene entrevistas e informes especiales sobre los temas relacionados al bullying, as\u00ed como el canal de YOUTUBE en el que se publicaron especiales para televisi\u00f3n realizados por las infancias del grupo \u201cEl Lectu TV\u201d.<\/span><\/p>\t\t\t\t\t\t<\/div>\n\n\t\t\t\t\t\n\t\t\t\t\n\t\t\t\t\n\t\t\t<\/div>\n\n\t\t<\/div>\n\n\t<\/div>\n\n\t\n\t\t<div class=\"gem-textbox-bottom gem-textbox-bottom-none default-fill\">\n\t\t\t\t<\/div>\n\t\n\t\n<\/div>\n\t\t\t\t<\/div>\n\t\t\t\t<\/div>\n\t\t\t\t<div class=\"elementor-element elementor-element-7d530aa flex-horizontal-align-default flex-horizontal-align-tablet-default flex-horizontal-align-mobile-default flex-vertical-align-default flex-vertical-align-tablet-default flex-vertical-align-mobile-default elementor-widget elementor-widget-thegem-styled-textbox\" data-id=\"7d530aa\" data-element_type=\"widget\" data-e-type=\"widget\" data-settings=\"{&quot;thegem_elementor_preset&quot;:&quot;basic&quot;}\" data-widget_type=\"thegem-styled-textbox.default\">\n\t\t\t\t<div class=\"elementor-widget-container\">\n\t\t\t\t\t\n<div class=\"gem-textbox styled-textbox-basic\">\n\n\t\n\t\t<div class=\"gem-textbox-top gem-textbox-top-none default-fill\">\n\t\t\t\t\t<\/div>\n\t\n\t<div class=\"gem-textbox-inner\">\n\n\t\t<div class=\"gem-textbox-content default-background\">\n\n\t\t\t\n\t\t\t<div class=\"gem-texbox-text-wrapper\">\n\n\t\t\t\t\t\t\t\t\t\n\t\t\t\t\t\t<h4 class=\"gem-textbox-title title-h4 bold\">\n\t\t\t\t\t\t\tTRABAJO EN REDES SOCIALES DE \"EL LECTURON\"\t\t\t\t\t\t<\/h4>\n\n\t\t\t\t\t\n\t\t\t\t\t\n\t\t\t\t\n\t\t\t\t\n\t\t\t<\/div>\n\n\t\t<\/div>\n\n\t<\/div>\n\n\t\n\t\t<div class=\"gem-textbox-bottom gem-textbox-bottom-none default-fill\">\n\t\t\t\t<\/div>\n\t\n\t\n<\/div>\n\t\t\t\t<\/div>\n\t\t\t\t<\/div>\n\t\t\t\t<div class=\"elementor-element elementor-element-9ccbec7 flex-horizontal-align-default flex-horizontal-align-tablet-default flex-horizontal-align-mobile-default flex-vertical-align-default flex-vertical-align-tablet-default flex-vertical-align-mobile-default elementor-widget elementor-widget-thegem-styledbutton\" data-id=\"9ccbec7\" data-element_type=\"widget\" data-e-type=\"widget\" data-settings=\"{&quot;thegem_button_skin&quot;:&quot;flat&quot;,&quot;add_icon&quot;:&quot;yes&quot;}\" data-widget_type=\"thegem-styledbutton.default\">\n\t\t\t\t<div class=\"elementor-widget-container\">\n\t\t\t\t\t\n<div class=\"gem-button-container gem-widget-button\">\n\n\t\t<a class=\"gem-button gem-button-size-large gem-button-text-weight-bold gem-button-style-flat\" href=\"https:\/\/www.instagram.com\/_elpoderdelaspalabras?igsh=ZnZlM3MyemlwenNp%20\" target=\"_blank\">\n\t\t<span class=\"gem-inner-wrapper-btn\">\n\t\t\t\t\t\t\t<span class=\"gem-button-icon\">\n\t\t\t\t\t<i aria-hidden=\"true\" class=\"fab fa-instagram\"><\/i>\t\t\t\t<\/span>\n\t\t\t\t\t\t<span class=\"gem-text-button\">\n\t\t\t\ttrabajo en instagram\t\t\t<\/span>\n\t\t<\/span>\n\t<\/a>\n\n\t\n<\/div>\t\t\t\t<\/div>\n\t\t\t\t<\/div>\n\t\t\t\t<div class=\"elementor-element elementor-element-704feca flex-horizontal-align-default flex-horizontal-align-tablet-default flex-horizontal-align-mobile-default flex-vertical-align-default flex-vertical-align-tablet-default flex-vertical-align-mobile-default elementor-widget elementor-widget-thegem-styledbutton\" data-id=\"704feca\" data-element_type=\"widget\" data-e-type=\"widget\" data-settings=\"{&quot;thegem_button_skin&quot;:&quot;flat&quot;,&quot;add_icon&quot;:&quot;yes&quot;}\" data-widget_type=\"thegem-styledbutton.default\">\n\t\t\t\t<div class=\"elementor-widget-container\">\n\t\t\t\t\t\n<div class=\"gem-button-container gem-widget-button\">\n\n\t\t<a class=\"gem-button gem-button-size-large gem-button-text-weight-bold gem-button-style-flat\" href=\"https:\/\/www.tiktok.com\/@lectuvselbullying5?_t=ZM-8z2uCmyQLiP&#038;_r=1%20\" target=\"_blank\">\n\t\t<span class=\"gem-inner-wrapper-btn\">\n\t\t\t\t\t\t\t<span class=\"gem-button-icon\">\n\t\t\t\t\t<i aria-hidden=\"true\" class=\"fab fa-tiktok\"><\/i>\t\t\t\t<\/span>\n\t\t\t\t\t\t<span class=\"gem-text-button\">\n\t\t\t\ttrabajo en tik tok         \t\t\t<\/span>\n\t\t<\/span>\n\t<\/a>\n\n\t\n<\/div>\t\t\t\t<\/div>\n\t\t\t\t<\/div>\n\t\t\t\t<div class=\"elementor-element elementor-element-5b3180c flex-horizontal-align-default flex-horizontal-align-tablet-default flex-horizontal-align-mobile-default flex-vertical-align-default flex-vertical-align-tablet-default flex-vertical-align-mobile-default elementor-widget elementor-widget-thegem-styledbutton\" data-id=\"5b3180c\" data-element_type=\"widget\" data-e-type=\"widget\" data-settings=\"{&quot;thegem_button_skin&quot;:&quot;flat&quot;,&quot;add_icon&quot;:&quot;yes&quot;}\" data-widget_type=\"thegem-styledbutton.default\">\n\t\t\t\t<div class=\"elementor-widget-container\">\n\t\t\t\t\t\n<div class=\"gem-button-container gem-widget-button\">\n\n\t\t<a class=\"gem-button gem-button-size-large gem-button-text-weight-bold gem-button-style-flat\" href=\"https:\/\/whatsapp.com\/channel\/0029VbAvf4P9mrGkazzJO10a\" target=\"_blank\">\n\t\t<span class=\"gem-inner-wrapper-btn\">\n\t\t\t\t\t\t\t<span class=\"gem-button-icon\">\n\t\t\t\t\t<i aria-hidden=\"true\" class=\"fab fa-whatsapp\"><\/i>\t\t\t\t<\/span>\n\t\t\t\t\t\t<span class=\"gem-text-button\">\n\t\t\t\tCanal de difusi\u00f3n de whatsapp\t\t\t<\/span>\n\t\t<\/span>\n\t<\/a>\n\n\t\n<\/div>\t\t\t\t<\/div>\n\t\t\t\t<\/div>\n\t\t\t\t\t<\/div>\n\t\t<\/div>\n\t\t\t\t<div class=\"elementor-column elementor-col-50 elementor-top-column elementor-element elementor-element-4c0a3d5\" data-id=\"4c0a3d5\" data-element_type=\"column\" data-e-type=\"column\">\n\t\t\t<div class=\"elementor-widget-wrap elementor-element-populated\">\n\t\t\t\t\t\t<div class=\"elementor-element elementor-element-3984200 flex-horizontal-align-default flex-horizontal-align-tablet-default flex-horizontal-align-mobile-default flex-vertical-align-default flex-vertical-align-tablet-default flex-vertical-align-mobile-default elementor-widget elementor-widget-thegem-styled-textbox\" data-id=\"3984200\" data-element_type=\"widget\" data-e-type=\"widget\" data-settings=\"{&quot;thegem_elementor_preset&quot;:&quot;basic&quot;}\" data-widget_type=\"thegem-styled-textbox.default\">\n\t\t\t\t<div class=\"elementor-widget-container\">\n\t\t\t\t\t\n<div class=\"gem-textbox styled-textbox-basic\">\n\n\t\n\t\t<div class=\"gem-textbox-top gem-textbox-top-none default-fill\">\n\t\t\t\t\t<\/div>\n\t\n\t<div class=\"gem-textbox-inner\">\n\n\t\t<div class=\"gem-textbox-content default-background\">\n\n\t\t\t\n\t\t\t<div class=\"gem-texbox-text-wrapper\">\n\n\t\t\t\t\t\t\t\t\t\n\t\t\t\t\t\t<h4 class=\"gem-textbox-title title-h4 bold\">\n\t\t\t\t\t\t\tEstudiantes del grupo\t\t\t\t\t\t<\/h4>\n\n\t\t\t\t\t\n\t\t\t\t\t\n\t\t\t\t\t\t<div class=\"gem-textbox-description gem-text-output\">\n\t\t\t\t\t\t\t<p dir=\"ltr\" style=\"line-height: 1.38;text-align: justify;margin-top: 6pt;margin-bottom: 6pt\"><strong><span style=\"font-size: 11pt;font-family: Barlow, sans-serif;color: #000000;background-color: transparent;vertical-align: baseline\">EL LECTU JOVEN 2025<\/span><\/strong><\/p><ul style=\"margin-top: 0;margin-bottom: 0;padding-inline-start: 48px\"><li dir=\"ltr\" style=\"list-style-type: disc;font-size: 11pt;font-family: Barlow, sans-serif;color: #000000;background-color: transparent;vertical-align: baseline\"><p dir=\"ltr\" style=\"line-height: 1.38;text-align: justify;margin-top: 6pt;margin-bottom: 0pt\" role=\"presentation\"><span style=\"font-size: 11pt;background-color: transparent;vertical-align: baseline\">ALMA MORO<\/span><\/p><\/li><li dir=\"ltr\" style=\"list-style-type: disc;font-size: 11pt;font-family: Barlow, sans-serif;color: #000000;background-color: transparent;vertical-align: baseline\"><p dir=\"ltr\" style=\"line-height: 1.38;text-align: justify;margin-top: 0pt;margin-bottom: 0pt\" role=\"presentation\"><span style=\"font-size: 11pt;background-color: transparent;vertical-align: baseline\">FLORENCIA VALOR<\/span><\/p><\/li><li dir=\"ltr\" style=\"list-style-type: disc;font-size: 11pt;font-family: Barlow, sans-serif;color: #000000;background-color: transparent;vertical-align: baseline\"><p dir=\"ltr\" style=\"line-height: 1.38;text-align: justify;margin-top: 0pt;margin-bottom: 0pt\" role=\"presentation\"><span style=\"font-size: 11pt;background-color: transparent;vertical-align: baseline\">JOAQUINA BRUNA M\u00dcLLER<\/span><\/p><\/li><li dir=\"ltr\" style=\"list-style-type: disc;font-size: 11pt;font-family: Barlow, sans-serif;color: #000000;background-color: transparent;vertical-align: baseline\"><p dir=\"ltr\" style=\"line-height: 1.38;text-align: justify;margin-top: 0pt;margin-bottom: 0pt\" role=\"presentation\"><span style=\"font-size: 11pt;background-color: transparent;vertical-align: baseline\">JUSTO BRUNA M\u00dcLLER<\/span><\/p><\/li><li dir=\"ltr\" style=\"list-style-type: disc;font-size: 11pt;font-family: Barlow, sans-serif;color: #000000;background-color: transparent;vertical-align: baseline\"><p dir=\"ltr\" style=\"line-height: 1.38;text-align: justify;margin-top: 0pt;margin-bottom: 0pt\" role=\"presentation\"><span style=\"font-size: 11pt;background-color: transparent;vertical-align: baseline\">DELFINA BRUNA M\u00dcLLER<\/span><\/p><\/li><li dir=\"ltr\" style=\"list-style-type: disc;font-size: 11pt;font-family: Barlow, sans-serif;color: #000000;background-color: transparent;vertical-align: baseline\"><p dir=\"ltr\" style=\"line-height: 1.38;text-align: justify;margin-top: 0pt;margin-bottom: 0pt\" role=\"presentation\"><span style=\"font-size: 11pt;background-color: transparent;vertical-align: baseline\">TOM\u00c1S ULISES TESSARINI<\/span><\/p><\/li><li dir=\"ltr\" style=\"list-style-type: disc;font-size: 11pt;font-family: Barlow, sans-serif;color: #000000;background-color: transparent;vertical-align: baseline\"><p dir=\"ltr\" style=\"line-height: 1.38;text-align: justify;margin-top: 0pt;margin-bottom: 0pt\" role=\"presentation\"><span style=\"font-size: 11pt;background-color: transparent;vertical-align: baseline\">VICTORIA MINUTTI<\/span><\/p><\/li><li dir=\"ltr\" style=\"list-style-type: disc;font-size: 11pt;font-family: Barlow, sans-serif;color: #000000;background-color: transparent;vertical-align: baseline\"><p dir=\"ltr\" style=\"line-height: 1.38;text-align: justify;margin-top: 0pt;margin-bottom: 0pt\" role=\"presentation\"><span style=\"font-size: 11pt;background-color: transparent;vertical-align: baseline\">JEREM\u00cdAS AG\u00dcERO VANNI<\/span><\/p><\/li><li dir=\"ltr\" style=\"list-style-type: disc;font-size: 11pt;font-family: Barlow, sans-serif;color: #000000;background-color: transparent;vertical-align: baseline\"><p dir=\"ltr\" style=\"line-height: 1.38;text-align: justify;margin-top: 0pt;margin-bottom: 0pt\" role=\"presentation\"><span style=\"font-size: 11pt;background-color: transparent;vertical-align: baseline\">LISANDRO JEREM\u00cdAS RAMOS<\/span><\/p><\/li><li dir=\"ltr\" style=\"list-style-type: disc;font-size: 11pt;font-family: Barlow, sans-serif;color: #000000;background-color: transparent;vertical-align: baseline\"><p dir=\"ltr\" style=\"line-height: 1.38;text-align: justify;margin-top: 0pt;margin-bottom: 0pt\" role=\"presentation\"><span style=\"font-size: 11pt;background-color: transparent;vertical-align: baseline\">AUDEN GATTI MEDRANO<\/span><\/p><\/li><li dir=\"ltr\" style=\"list-style-type: disc;font-size: 11pt;font-family: Barlow, sans-serif;color: #000000;background-color: transparent;vertical-align: baseline\"><p dir=\"ltr\" style=\"line-height: 1.38;text-align: justify;margin-top: 0pt;margin-bottom: 0pt\" role=\"presentation\"><span style=\"font-size: 11pt;background-color: transparent;vertical-align: baseline\">ERNESTO GARC\u00cdA<\/span><\/p><\/li><li dir=\"ltr\" style=\"list-style-type: disc;font-size: 11pt;font-family: Barlow, sans-serif;color: #000000;background-color: transparent;vertical-align: baseline\"><p dir=\"ltr\" style=\"line-height: 1.38;text-align: justify;margin-top: 0pt;margin-bottom: 0pt\" role=\"presentation\"><span style=\"font-size: 11pt;background-color: transparent;vertical-align: baseline\">MAITE BRASC\u00d3<\/span><\/p><\/li><li dir=\"ltr\" style=\"list-style-type: disc;font-size: 11pt;font-family: Barlow, sans-serif;color: #000000;background-color: transparent;vertical-align: baseline\"><p dir=\"ltr\" style=\"line-height: 1.38;text-align: justify;margin-top: 0pt;margin-bottom: 0pt\" role=\"presentation\"><span style=\"font-size: 11pt;background-color: transparent;vertical-align: baseline\">\u00a0JOSEFINA<\/span><\/p><\/li><li dir=\"ltr\" style=\"list-style-type: disc;font-size: 11pt;font-family: Barlow, sans-serif;color: #000000;background-color: transparent;vertical-align: baseline\"><p dir=\"ltr\" style=\"line-height: 1.38;text-align: justify;margin-top: 0pt;margin-bottom: 0pt\" role=\"presentation\"><span style=\"font-size: 11pt;background-color: transparent;vertical-align: baseline\">JULI\u00c1N MOZZATTI<\/span><\/p><\/li><li dir=\"ltr\" style=\"list-style-type: disc;font-size: 11pt;font-family: Barlow, sans-serif;color: #000000;background-color: transparent;vertical-align: baseline\"><p dir=\"ltr\" style=\"line-height: 1.38;text-align: justify;margin-top: 0pt;margin-bottom: 0pt\" role=\"presentation\"><span style=\"font-size: 11pt;background-color: transparent;vertical-align: baseline\">ROCCO BARONI<\/span><\/p><\/li><li dir=\"ltr\" style=\"list-style-type: disc;font-size: 11pt;font-family: Barlow, sans-serif;color: #000000;background-color: transparent;vertical-align: baseline\"><p dir=\"ltr\" style=\"line-height: 1.38;text-align: justify;margin-top: 0pt;margin-bottom: 0pt\" role=\"presentation\"><span style=\"font-size: 11pt;background-color: transparent;vertical-align: baseline\">JOSEFINA PASCULLI<\/span><\/p><\/li><li dir=\"ltr\" style=\"list-style-type: disc;font-size: 11pt;font-family: Barlow, sans-serif;color: #000000;background-color: transparent;vertical-align: baseline\"><p dir=\"ltr\" style=\"line-height: 1.38;text-align: justify;margin-top: 0pt;margin-bottom: 6pt\" role=\"presentation\"><span style=\"font-size: 11pt;background-color: transparent;vertical-align: baseline\">JULIA CASTA\u00d1EDA<\/span><\/p><\/li><\/ul><p dir=\"ltr\" style=\"line-height: 1.38;margin-top: 6pt;margin-bottom: 6pt;text-align: left\"><strong><span style=\"font-size: 11pt;font-family: Barlow, sans-serif;color: #000000;background-color: transparent;vertical-align: baseline\">EL GRUPO DE INFANCIAS QUE SE SUMARON AL PROYECTO: LECTURONEANDO EN TRANSMISI\u00d3N CONTINUA 2025<\/span><\/strong><\/p><ul style=\"margin-top: 0;margin-bottom: 0;padding-inline-start: 48px\"><li dir=\"ltr\" style=\"list-style-type: disc;font-size: 11pt;font-family: Barlow, sans-serif;color: #000000;background-color: transparent;vertical-align: baseline\"><p dir=\"ltr\" style=\"line-height: 1.38;text-align: justify;margin-top: 6pt;margin-bottom: 0pt\" role=\"presentation\"><span style=\"font-size: 11pt;background-color: transparent;vertical-align: baseline\">MARCOS RAMIREZ<\/span><\/p><\/li><li dir=\"ltr\" style=\"list-style-type: disc;font-size: 11pt;font-family: Barlow, sans-serif;color: #000000;background-color: transparent;vertical-align: baseline\"><p dir=\"ltr\" style=\"line-height: 1.38;text-align: justify;margin-top: 0pt;margin-bottom: 0pt\" role=\"presentation\"><span style=\"font-size: 11pt;background-color: transparent;vertical-align: baseline\">SOF\u00cdA AGUDO<\/span><\/p><\/li><li dir=\"ltr\" style=\"list-style-type: disc;font-size: 11pt;font-family: Barlow, sans-serif;color: #000000;background-color: transparent;vertical-align: baseline\"><p dir=\"ltr\" style=\"line-height: 1.38;text-align: justify;margin-top: 0pt;margin-bottom: 0pt\" role=\"presentation\"><span style=\"font-size: 11pt;background-color: transparent;vertical-align: baseline\">FRANCO FERRERO<\/span><\/p><\/li><li dir=\"ltr\" style=\"list-style-type: disc;font-size: 11pt;font-family: Barlow, sans-serif;color: #000000;background-color: transparent;vertical-align: baseline\"><p dir=\"ltr\" style=\"line-height: 1.38;text-align: justify;margin-top: 0pt;margin-bottom: 0pt\" role=\"presentation\"><span style=\"font-size: 11pt;background-color: transparent;vertical-align: baseline\">BASTI\u00c1N BENEY<\/span><\/p><\/li><li dir=\"ltr\" style=\"list-style-type: disc;font-size: 11pt;font-family: Barlow, sans-serif;color: #000000;background-color: transparent;vertical-align: baseline\"><p dir=\"ltr\" style=\"line-height: 1.38;text-align: justify;margin-top: 0pt;margin-bottom: 0pt\" role=\"presentation\"><span style=\"font-size: 11pt;background-color: transparent;vertical-align: baseline\">MARTINA AVALLONE<\/span><\/p><\/li><li dir=\"ltr\" style=\"list-style-type: disc;font-size: 11pt;font-family: Barlow, sans-serif;color: #000000;background-color: transparent;vertical-align: baseline\"><p dir=\"ltr\" style=\"line-height: 1.38;text-align: justify;margin-top: 0pt;margin-bottom: 0pt\" role=\"presentation\"><span style=\"font-size: 11pt;background-color: transparent;vertical-align: baseline\">PEDRO HENCHOZ<\/span><\/p><\/li><li dir=\"ltr\" style=\"list-style-type: disc;font-size: 11pt;font-family: Barlow, sans-serif;color: #000000;background-color: transparent;vertical-align: baseline\"><p dir=\"ltr\" style=\"line-height: 1.38;text-align: justify;margin-top: 0pt;margin-bottom: 0pt\" role=\"presentation\"><span style=\"font-size: 11pt;background-color: transparent;vertical-align: baseline\">AMBAR ALBORNOZ<\/span><\/p><\/li><li dir=\"ltr\" style=\"list-style-type: disc;font-size: 11pt;font-family: Barlow, sans-serif;color: #000000;background-color: transparent;vertical-align: baseline\"><p dir=\"ltr\" style=\"line-height: 1.38;text-align: justify;margin-top: 0pt;margin-bottom: 6pt\" role=\"presentation\"><span style=\"font-size: 11pt;background-color: transparent;vertical-align: baseline\">AGUST\u00cdN NEDER<\/span><\/p><\/li><\/ul>\t\t\t\t\t\t<\/div>\n\n\t\t\t\t\t\n\t\t\t\t\n\t\t\t\t\n\t\t\t<\/div>\n\n\t\t<\/div>\n\n\t<\/div>\n\n\t\n\t\t<div class=\"gem-textbox-bottom gem-textbox-bottom-none default-fill\">\n\t\t\t\t<\/div>\n\t\n\t\n<\/div>\n\t\t\t\t<\/div>\n\t\t\t\t<\/div>\n\t\t\t\t<div class=\"elementor-element elementor-element-4068d51 flex-horizontal-align-default flex-horizontal-align-tablet-default flex-horizontal-align-mobile-default flex-vertical-align-default flex-vertical-align-tablet-default flex-vertical-align-mobile-default elementor-widget elementor-widget-thegem-gallery-slider\" data-id=\"4068d51\" data-element_type=\"widget\" data-e-type=\"widget\" data-settings=\"{&quot;image_ratio&quot;:{&quot;unit&quot;:&quot;px&quot;,&quot;size&quot;:0.74,&quot;sizes&quot;:[]},&quot;image_size&quot;:&quot;full&quot;,&quot;icon_show&quot;:&quot;yes&quot;}\" data-widget_type=\"thegem-gallery-slider.default\">\n\t\t\t\t<div class=\"elementor-widget-container\">\n\t\t\t\t\t\n\t\t<div class=\"preloader\">\n\t\t\t<div class=\"preloader-spin\"><\/div>\n\t\t<\/div>\n\t\t<div class=\"gem-gallery gem-gallery-hover-default  \">\n\t\t\t\t\t\t\t\n<div class=\"gem-gallery-item\">\n\t<div class=\"gem-gallery-item-image\">\n\t\t<a href=\"https:\/\/espacioseducativos.ar\/nueva\/wp-content\/uploads\/2025\/11\/Roles-blanco.jpeg\"\n\t\t\tdata-full-image-url=\"https:\/\/espacioseducativos.ar\/nueva\/wp-content\/uploads\/2025\/11\/Roles-blanco.jpeg\"\n\t\t\tdata-elementor-open-lightbox=\"no\"\n\t\t\tdata-fancybox=\"gallery-69f3263297726\">\n\t\t\t<svg class=\"arrow-mark\" width=\"20\" height=\"10\">\n\t\t\t\t<path d=\"M 0,10 Q 9,9 10,0 Q 11,9 20,10\"\/>\n\t\t\t<\/svg>\n\t\t\t<img src=\"https:\/\/espacioseducativos.ar\/nueva\/wp-content\/uploads\/2025\/11\/Roles-blanco-thegem-post-thumb-small.jpeg\"\n\t\t\t\t alt=\"Roles-blanco\" class=\"img-responsive\">\n\t\t\t<span class=\"gem-gallery-caption slide-info\">\n\t\t\t\t<span class=\"gem-gallery-item-title \">\n\t\t\t\t\tPoemas ilustrados de los cuatro roles\t\t\t\t<\/span>\n\t\t\t\t<span class=\"gem-gallery-item-description\">\n\t\t\t\t\t\t\t\t\t<\/span>\n\t\t\t<\/span>\n\t\t\t<i aria-hidden=\"true\" class=\"photo-icon fas fa-camera\"><\/i>\t\t\t\t\t<\/a>\n\t<\/div>\n<\/div>\n\n\t\t\t\t\t\t\t\t\t\t\t\n<div class=\"gem-gallery-item\">\n\t<div class=\"gem-gallery-item-image\">\n\t\t<a href=\"https:\/\/espacioseducativos.ar\/nueva\/wp-content\/uploads\/2025\/11\/Roles-rojo.jpeg\"\n\t\t\tdata-full-image-url=\"https:\/\/espacioseducativos.ar\/nueva\/wp-content\/uploads\/2025\/11\/Roles-rojo.jpeg\"\n\t\t\tdata-elementor-open-lightbox=\"no\"\n\t\t\tdata-fancybox=\"gallery-69f3263297726\">\n\t\t\t<svg class=\"arrow-mark\" width=\"20\" height=\"10\">\n\t\t\t\t<path d=\"M 0,10 Q 9,9 10,0 Q 11,9 20,10\"\/>\n\t\t\t<\/svg>\n\t\t\t<img src=\"https:\/\/espacioseducativos.ar\/nueva\/wp-content\/uploads\/2025\/11\/Roles-rojo-thegem-post-thumb-small.jpeg\"\n\t\t\t\t alt=\"Roles-rojo\" class=\"img-responsive\">\n\t\t\t<span class=\"gem-gallery-caption slide-info\">\n\t\t\t\t<span class=\"gem-gallery-item-title \">\n\t\t\t\t\tPoemas ilustrados de los cuatro roles\t\t\t\t<\/span>\n\t\t\t\t<span class=\"gem-gallery-item-description\">\n\t\t\t\t\t\t\t\t\t<\/span>\n\t\t\t<\/span>\n\t\t\t<i aria-hidden=\"true\" class=\"photo-icon fas fa-camera\"><\/i>\t\t\t\t\t<\/a>\n\t<\/div>\n<\/div>\n\n\t\t\t\t\t\t\t\t\t\t\t\n<div class=\"gem-gallery-item\">\n\t<div class=\"gem-gallery-item-image\">\n\t\t<a href=\"https:\/\/espacioseducativos.ar\/nueva\/wp-content\/uploads\/2025\/11\/roles-azul.jpeg\"\n\t\t\tdata-full-image-url=\"https:\/\/espacioseducativos.ar\/nueva\/wp-content\/uploads\/2025\/11\/roles-azul.jpeg\"\n\t\t\tdata-elementor-open-lightbox=\"no\"\n\t\t\tdata-fancybox=\"gallery-69f3263297726\">\n\t\t\t<svg class=\"arrow-mark\" width=\"20\" height=\"10\">\n\t\t\t\t<path d=\"M 0,10 Q 9,9 10,0 Q 11,9 20,10\"\/>\n\t\t\t<\/svg>\n\t\t\t<img src=\"https:\/\/espacioseducativos.ar\/nueva\/wp-content\/uploads\/2025\/11\/roles-azul-thegem-post-thumb-small.jpeg\"\n\t\t\t\t alt=\"roles-azul\" class=\"img-responsive\">\n\t\t\t<span class=\"gem-gallery-caption slide-info\">\n\t\t\t\t<span class=\"gem-gallery-item-title \">\n\t\t\t\t\tPoemas ilustrados de los cuatro roles\t\t\t\t<\/span>\n\t\t\t\t<span class=\"gem-gallery-item-description\">\n\t\t\t\t\t\t\t\t\t<\/span>\n\t\t\t<\/span>\n\t\t\t<i aria-hidden=\"true\" class=\"photo-icon fas fa-camera\"><\/i>\t\t\t\t\t<\/a>\n\t<\/div>\n<\/div>\n\n\t\t\t\t\t\t\t\t\t\t\t\n<div class=\"gem-gallery-item\">\n\t<div class=\"gem-gallery-item-image\">\n\t\t<a href=\"https:\/\/espacioseducativos.ar\/nueva\/wp-content\/uploads\/2025\/11\/Roles-verde.jpeg\"\n\t\t\tdata-full-image-url=\"https:\/\/espacioseducativos.ar\/nueva\/wp-content\/uploads\/2025\/11\/Roles-verde.jpeg\"\n\t\t\tdata-elementor-open-lightbox=\"no\"\n\t\t\tdata-fancybox=\"gallery-69f3263297726\">\n\t\t\t<svg class=\"arrow-mark\" width=\"20\" height=\"10\">\n\t\t\t\t<path d=\"M 0,10 Q 9,9 10,0 Q 11,9 20,10\"\/>\n\t\t\t<\/svg>\n\t\t\t<img src=\"https:\/\/espacioseducativos.ar\/nueva\/wp-content\/uploads\/2025\/11\/Roles-verde-thegem-post-thumb-small.jpeg\"\n\t\t\t\t alt=\"Roles-verde\" class=\"img-responsive\">\n\t\t\t<span class=\"gem-gallery-caption slide-info\">\n\t\t\t\t<span class=\"gem-gallery-item-title \">\n\t\t\t\t\tPoemas ilustrados de los cuatro roles\t\t\t\t<\/span>\n\t\t\t\t<span class=\"gem-gallery-item-description\">\n\t\t\t\t\t\t\t\t\t<\/span>\n\t\t\t<\/span>\n\t\t\t<i aria-hidden=\"true\" class=\"photo-icon fas fa-camera\"><\/i>\t\t\t\t\t<\/a>\n\t<\/div>\n<\/div>\n\n\t\t\t\t\t\t\t\t\t<\/div>\n\t\t\t\t\t\t<\/div>\n\t\t\t\t<\/div>\n\t\t\t\t<div class=\"elementor-element elementor-element-ea78bec flex-horizontal-align-default flex-horizontal-align-tablet-default flex-horizontal-align-mobile-default flex-vertical-align-default flex-vertical-align-tablet-default flex-vertical-align-mobile-default elementor-widget elementor-widget-audio\" data-id=\"ea78bec\" data-element_type=\"widget\" data-e-type=\"widget\" data-widget_type=\"audio.default\">\n\t\t\t\t<div class=\"elementor-widget-container\">\n\t\t\t\t\t\t\t\t<div class=\"elementor-soundcloud-wrapper\">\n\t\t\t\t<iframe width=\"100%\" height=\"152\" frameborder=\"0\" allowfullscreen allow=\"autoplay; clipboard-write; encrypted-media; fullscreen; picture-in-picture\" loading=\"lazy\" src=\"https:\/\/open.spotify.com\/embed\/episode\/47LUuzeSEk5hLU60ceZyqx?si=JmmP7J1iTNWGHfpSKM-HSA&#038;nd=1&#038;dlsi=09068c7bedb2433f&#038;utm_source=oembed&#038;auto_play=false&#038;buying=false&#038;liking=false&#038;download=false&#038;sharing=true&#038;show_comments=true&#038;show_playcount=true&#038;show_user=true&#038;show_artwork=true&#038;color\"><\/iframe>\t\t\t<\/div>\n\t\t\t\t\t\t\t<\/div>\n\t\t\t\t<\/div>\n\t\t\t\t<div class=\"elementor-element elementor-element-25cae1b flex-horizontal-align-default flex-horizontal-align-tablet-default flex-horizontal-align-mobile-default flex-vertical-align-default flex-vertical-align-tablet-default flex-vertical-align-mobile-default elementor-widget elementor-widget-audio\" data-id=\"25cae1b\" data-element_type=\"widget\" data-e-type=\"widget\" data-widget_type=\"audio.default\">\n\t\t\t\t<div class=\"elementor-widget-container\">\n\t\t\t\t\t\t\t\t<div class=\"elementor-soundcloud-wrapper\">\n\t\t\t\t<iframe width=\"100%\" height=\"152\" frameborder=\"0\" allowfullscreen allow=\"autoplay; clipboard-write; encrypted-media; fullscreen; picture-in-picture\" loading=\"lazy\" src=\"https:\/\/open.spotify.com\/embed\/episode\/1ChwdJl1jnWOcDZmd5ZtLQ?si=st2uRHQyRr6Ng3pqIQjrsg&#038;nd=1&#038;dlsi=5da92634679a4741&#038;utm_source=oembed&#038;auto_play=false&#038;buying=false&#038;liking=false&#038;download=false&#038;sharing=true&#038;show_comments=false&#038;show_playcount=false&#038;show_user=true&#038;show_artwork=true&#038;color\"><\/iframe>\t\t\t<\/div>\n\t\t\t\t\t\t\t<\/div>\n\t\t\t\t<\/div>\n\t\t\t\t\t<\/div>\n\t\t<\/div>\n\t\t\t\t\t<\/div><\/div>\r\n\t\t<\/section>\r\n\t\t\t\t<section class=\"elementor-section elementor-top-section elementor-element elementor-element-4668a7b elementor-section-boxed elementor-section-height-default elementor-section-height-default\" data-id=\"4668a7b\" data-element_type=\"section\" data-e-type=\"section\">\r\n\t\t\t\t\t\t<div class=\"elementor-container elementor-column-gap-thegem\"><div class=\"elementor-row\">\r\n\t\t\t\t\t<div class=\"elementor-column elementor-col-50 elementor-top-column elementor-element elementor-element-1fa2201\" data-id=\"1fa2201\" data-element_type=\"column\" data-e-type=\"column\">\n\t\t\t<div class=\"elementor-widget-wrap elementor-element-populated\">\n\t\t\t\t\t\t<div class=\"elementor-element elementor-element-5963fcd flex-horizontal-align-default flex-horizontal-align-tablet-default flex-horizontal-align-mobile-default flex-vertical-align-default flex-vertical-align-tablet-default flex-vertical-align-mobile-default elementor-widget elementor-widget-thegem-styled-textbox\" data-id=\"5963fcd\" data-element_type=\"widget\" data-e-type=\"widget\" data-settings=\"{&quot;thegem_elementor_preset&quot;:&quot;basic&quot;}\" data-widget_type=\"thegem-styled-textbox.default\">\n\t\t\t\t<div class=\"elementor-widget-container\">\n\t\t\t\t\t\n<div class=\"gem-textbox styled-textbox-basic\">\n\n\t\n\t\t<div class=\"gem-textbox-top gem-textbox-top-none default-fill\">\n\t\t\t\t\t<\/div>\n\t\n\t<div class=\"gem-textbox-inner\">\n\n\t\t<div class=\"gem-textbox-content default-background\">\n\n\t\t\t\n\t\t\t<div class=\"gem-texbox-text-wrapper\">\n\n\t\t\t\t\t\t\t\t\t\n\t\t\t\t\t\t<h4 class=\"gem-textbox-title title-h4 bold\">\n\t\t\t\t\t\t\t\u201cGu\u00eda Ema\u201d para el abordaje de casos de difusi\u00f3n de contenido \u00edntimo sexual sin consentimiento en \u00e1mbitos educativos.\t\t\t\t\t\t<\/h4>\n\n\t\t\t\t\t\n\t\t\t\t\t\n\t\t\t\t\n\t\t\t\t\n\t\t\t<\/div>\n\n\t\t<\/div>\n\n\t<\/div>\n\n\t\n\t\t<div class=\"gem-textbox-bottom gem-textbox-bottom-none default-fill\">\n\t\t\t\t<\/div>\n\t\n\t\n<\/div>\n\t\t\t\t<\/div>\n\t\t\t\t<\/div>\n\t\t\t\t<div class=\"elementor-element elementor-element-18f578c flex-horizontal-align-default flex-horizontal-align-tablet-default flex-horizontal-align-mobile-default flex-vertical-align-default flex-vertical-align-tablet-default flex-vertical-align-mobile-default elementor-widget elementor-widget-image\" data-id=\"18f578c\" data-element_type=\"widget\" data-e-type=\"widget\" data-widget_type=\"image.default\">\n\t\t\t\t<div class=\"elementor-widget-container\">\n\t\t\t\t\t\t\t\t\t\t\t\t\t\t\t<img src=\"https:\/\/espacioseducativos.ar\/nueva\/wp-content\/uploads\/elementor\/thumbs\/Imagen-caratula-re5ztgihwgwmmqwe20stdzn33tqktfmgvw8ukq4mpc.jpeg\" title=\"Imagen-caratula\" alt=\"Imagen-caratula\" loading=\"lazy\" \/>\t\t\t\t\t\t\t\t\t\t\t\t\t\t\t<\/div>\n\t\t\t\t<\/div>\n\t\t\t\t\t<\/div>\n\t\t<\/div>\n\t\t\t\t<div class=\"elementor-column elementor-col-50 elementor-top-column elementor-element elementor-element-8ba5312\" data-id=\"8ba5312\" data-element_type=\"column\" data-e-type=\"column\">\n\t\t\t<div class=\"elementor-widget-wrap elementor-element-populated\">\n\t\t\t\t\t\t<div class=\"elementor-element elementor-element-b1502cb flex-horizontal-align-default flex-horizontal-align-tablet-default flex-horizontal-align-mobile-default flex-vertical-align-default flex-vertical-align-tablet-default flex-vertical-align-mobile-default elementor-widget elementor-widget-thegem-gallery-slider\" data-id=\"b1502cb\" data-element_type=\"widget\" data-e-type=\"widget\" data-settings=\"{&quot;image_ratio&quot;:{&quot;unit&quot;:&quot;px&quot;,&quot;size&quot;:&quot;&quot;,&quot;sizes&quot;:[]},&quot;image_size&quot;:&quot;full&quot;,&quot;icon_show&quot;:&quot;yes&quot;}\" data-widget_type=\"thegem-gallery-slider.default\">\n\t\t\t\t<div class=\"elementor-widget-container\">\n\t\t\t\t\t\n\t\t<div class=\"preloader\">\n\t\t\t<div class=\"preloader-spin\"><\/div>\n\t\t<\/div>\n\t\t<div class=\"gem-gallery gem-gallery-hover-default  \">\n\t\t\t\t\t\t\t\n<div class=\"gem-gallery-item\">\n\t<div class=\"gem-gallery-item-image\">\n\t\t<a href=\"https:\/\/espacioseducativos.ar\/nueva\/wp-content\/uploads\/2025\/11\/Guia-Ema-1.jpeg\"\n\t\t\tdata-full-image-url=\"https:\/\/espacioseducativos.ar\/nueva\/wp-content\/uploads\/2025\/11\/Guia-Ema-1.jpeg\"\n\t\t\tdata-elementor-open-lightbox=\"no\"\n\t\t\tdata-fancybox=\"gallery-69f326329985d\">\n\t\t\t<svg class=\"arrow-mark\" width=\"20\" height=\"10\">\n\t\t\t\t<path d=\"M 0,10 Q 9,9 10,0 Q 11,9 20,10\"\/>\n\t\t\t<\/svg>\n\t\t\t<img src=\"https:\/\/espacioseducativos.ar\/nueva\/wp-content\/uploads\/2025\/11\/Guia-Ema-1-thegem-post-thumb-small.jpeg\"\n\t\t\t\t alt=\"Gu\u00eda Ema-1\" class=\"img-responsive\">\n\t\t\t<span class=\"gem-gallery-caption slide-info\">\n\t\t\t\t<span class=\"gem-gallery-item-title \">\n\t\t\t\t\t\t\t\t\t<\/span>\n\t\t\t\t<span class=\"gem-gallery-item-description\">\n\t\t\t\t\t\t\t\t\t<\/span>\n\t\t\t<\/span>\n\t\t\t<i aria-hidden=\"true\" class=\"photo-icon fas fa-camera\"><\/i>\t\t\t\t\t<\/a>\n\t<\/div>\n<\/div>\n\n\t\t\t\t\t\t\t\t\t\t\t\n<div class=\"gem-gallery-item\">\n\t<div class=\"gem-gallery-item-image\">\n\t\t<a href=\"https:\/\/espacioseducativos.ar\/nueva\/wp-content\/uploads\/2025\/11\/Guia-Ema-2.jpeg\"\n\t\t\tdata-full-image-url=\"https:\/\/espacioseducativos.ar\/nueva\/wp-content\/uploads\/2025\/11\/Guia-Ema-2.jpeg\"\n\t\t\tdata-elementor-open-lightbox=\"no\"\n\t\t\tdata-fancybox=\"gallery-69f326329985d\">\n\t\t\t<svg class=\"arrow-mark\" width=\"20\" height=\"10\">\n\t\t\t\t<path d=\"M 0,10 Q 9,9 10,0 Q 11,9 20,10\"\/>\n\t\t\t<\/svg>\n\t\t\t<img src=\"https:\/\/espacioseducativos.ar\/nueva\/wp-content\/uploads\/2025\/11\/Guia-Ema-2-thegem-post-thumb-small.jpeg\"\n\t\t\t\t alt=\"Gu\u00eda Ema-2\" class=\"img-responsive\">\n\t\t\t<span class=\"gem-gallery-caption slide-info\">\n\t\t\t\t<span class=\"gem-gallery-item-title \">\n\t\t\t\t\t\t\t\t\t<\/span>\n\t\t\t\t<span class=\"gem-gallery-item-description\">\n\t\t\t\t\t\t\t\t\t<\/span>\n\t\t\t<\/span>\n\t\t\t<i aria-hidden=\"true\" class=\"photo-icon fas fa-camera\"><\/i>\t\t\t\t\t<\/a>\n\t<\/div>\n<\/div>\n\n\t\t\t\t\t\t\t\t\t\t\t\n<div class=\"gem-gallery-item\">\n\t<div class=\"gem-gallery-item-image\">\n\t\t<a href=\"https:\/\/espacioseducativos.ar\/nueva\/wp-content\/uploads\/2025\/11\/Guia-Ema-3.jpeg\"\n\t\t\tdata-full-image-url=\"https:\/\/espacioseducativos.ar\/nueva\/wp-content\/uploads\/2025\/11\/Guia-Ema-3.jpeg\"\n\t\t\tdata-elementor-open-lightbox=\"no\"\n\t\t\tdata-fancybox=\"gallery-69f326329985d\">\n\t\t\t<svg class=\"arrow-mark\" width=\"20\" height=\"10\">\n\t\t\t\t<path d=\"M 0,10 Q 9,9 10,0 Q 11,9 20,10\"\/>\n\t\t\t<\/svg>\n\t\t\t<img src=\"https:\/\/espacioseducativos.ar\/nueva\/wp-content\/uploads\/2025\/11\/Guia-Ema-3-thegem-post-thumb-small.jpeg\"\n\t\t\t\t alt=\"Gu\u00eda Ema-3\" class=\"img-responsive\">\n\t\t\t<span class=\"gem-gallery-caption slide-info\">\n\t\t\t\t<span class=\"gem-gallery-item-title \">\n\t\t\t\t\t\t\t\t\t<\/span>\n\t\t\t\t<span class=\"gem-gallery-item-description\">\n\t\t\t\t\t\t\t\t\t<\/span>\n\t\t\t<\/span>\n\t\t\t<i aria-hidden=\"true\" class=\"photo-icon fas fa-camera\"><\/i>\t\t\t\t\t<\/a>\n\t<\/div>\n<\/div>\n\n\t\t\t\t\t\t\t\t\t\t\t\n<div class=\"gem-gallery-item\">\n\t<div class=\"gem-gallery-item-image\">\n\t\t<a href=\"https:\/\/espacioseducativos.ar\/nueva\/wp-content\/uploads\/2025\/11\/Guia-Ema-4.jpeg\"\n\t\t\tdata-full-image-url=\"https:\/\/espacioseducativos.ar\/nueva\/wp-content\/uploads\/2025\/11\/Guia-Ema-4.jpeg\"\n\t\t\tdata-elementor-open-lightbox=\"no\"\n\t\t\tdata-fancybox=\"gallery-69f326329985d\">\n\t\t\t<svg class=\"arrow-mark\" width=\"20\" height=\"10\">\n\t\t\t\t<path d=\"M 0,10 Q 9,9 10,0 Q 11,9 20,10\"\/>\n\t\t\t<\/svg>\n\t\t\t<img src=\"https:\/\/espacioseducativos.ar\/nueva\/wp-content\/uploads\/2025\/11\/Guia-Ema-4-thegem-post-thumb-small.jpeg\"\n\t\t\t\t alt=\"Gu\u00eda Ema-4\" class=\"img-responsive\">\n\t\t\t<span class=\"gem-gallery-caption slide-info\">\n\t\t\t\t<span class=\"gem-gallery-item-title \">\n\t\t\t\t\t\t\t\t\t<\/span>\n\t\t\t\t<span class=\"gem-gallery-item-description\">\n\t\t\t\t\t\t\t\t\t<\/span>\n\t\t\t<\/span>\n\t\t\t<i aria-hidden=\"true\" class=\"photo-icon fas fa-camera\"><\/i>\t\t\t\t\t<\/a>\n\t<\/div>\n<\/div>\n\n\t\t\t\t\t\t\t\t\t<\/div>\n\t\t\t\t\t\t<\/div>\n\t\t\t\t<\/div>\n\t\t\t\t\t<\/div>\n\t\t<\/div>\n\t\t\t\t\t<\/div><\/div>\r\n\t\t<\/section>\r\n\t\t\t\t<\/div>\n\t\t","protected":false},"excerpt":{"rendered":"<p>Datos del grupo: Curso: El Lectu Joven (compuesto por j\u00f3venes de diversas instituciones, cursando sexto y s\u00e9ptimo de primaria, y&#8230;<\/p>\n","protected":false},"author":2,"featured_media":0,"comment_status":"open","ping_status":"open","sticky":false,"template":"single-fullwidth.php","format":"standard","meta":{"footnotes":""},"categories":[1],"tags":[],"class_list":{"0":"post-5631","1":"post","2":"type-post","3":"status-publish","4":"format-standard","6":"category-sin-categoria"},"menu_order":0,"_links":{"self":[{"href":"https:\/\/espacioseducativos.ar\/nueva\/wp-json\/wp\/v2\/posts\/5631","targetHints":{"allow":["GET"]}}],"collection":[{"href":"https:\/\/espacioseducativos.ar\/nueva\/wp-json\/wp\/v2\/posts"}],"about":[{"href":"https:\/\/espacioseducativos.ar\/nueva\/wp-json\/wp\/v2\/types\/post"}],"author":[{"embeddable":true,"href":"https:\/\/espacioseducativos.ar\/nueva\/wp-json\/wp\/v2\/users\/2"}],"replies":[{"embeddable":true,"href":"https:\/\/espacioseducativos.ar\/nueva\/wp-json\/wp\/v2\/comments?post=5631"}],"version-history":[{"count":16,"href":"https:\/\/espacioseducativos.ar\/nueva\/wp-json\/wp\/v2\/posts\/5631\/revisions"}],"predecessor-version":[{"id":5867,"href":"https:\/\/espacioseducativos.ar\/nueva\/wp-json\/wp\/v2\/posts\/5631\/revisions\/5867"}],"wp:attachment":[{"href":"https:\/\/espacioseducativos.ar\/nueva\/wp-json\/wp\/v2\/media?parent=5631"}],"wp:term":[{"taxonomy":"category","embeddable":true,"href":"https:\/\/espacioseducativos.ar\/nueva\/wp-json\/wp\/v2\/categories?post=5631"},{"taxonomy":"post_tag","embeddable":true,"href":"https:\/\/espacioseducativos.ar\/nueva\/wp-json\/wp\/v2\/tags?post=5631"}],"curies":[{"name":"wp","href":"https:\/\/api.w.org\/{rel}","templated":true}]}}