{"id":5802,"date":"2025-11-05T22:27:48","date_gmt":"2025-11-05T22:27:48","guid":{"rendered":"https:\/\/espacioseducativos.ar\/nueva\/?p=5802"},"modified":"2025-11-06T17:34:13","modified_gmt":"2025-11-06T17:34:13","slug":"eeso-n-506-angela-peralta-pino","status":"publish","type":"post","link":"https:\/\/espacioseducativos.ar\/nueva\/eeso-n-506-angela-peralta-pino\/","title":{"rendered":"EESO N\u00b0 506 \u00c1ngela Peralta Pino"},"content":{"rendered":"\t\t<div data-elementor-type=\"wp-post\" data-elementor-id=\"5802\" class=\"elementor elementor-5802\">\n\t\t\t\t\t\t<section class=\"elementor-section elementor-top-section elementor-element elementor-element-4cbed4f elementor-section-boxed elementor-section-height-default elementor-section-height-default\" data-id=\"4cbed4f\" data-element_type=\"section\" data-e-type=\"section\">\r\n\t\t\t\t\t\t<div class=\"elementor-container elementor-column-gap-thegem\"><div class=\"elementor-row\">\r\n\t\t\t\t\t<div class=\"elementor-column elementor-col-50 elementor-top-column elementor-element elementor-element-31aef7d\" data-id=\"31aef7d\" data-element_type=\"column\" data-e-type=\"column\">\n\t\t\t<div class=\"elementor-widget-wrap elementor-element-populated\">\n\t\t\t\t\t\t<div class=\"elementor-element elementor-element-e549aaf flex-horizontal-align-default flex-horizontal-align-tablet-default flex-horizontal-align-mobile-default flex-vertical-align-default flex-vertical-align-tablet-default flex-vertical-align-mobile-default elementor-widget elementor-widget-thegem-styled-textbox\" data-id=\"e549aaf\" data-element_type=\"widget\" data-e-type=\"widget\" data-settings=\"{&quot;thegem_elementor_preset&quot;:&quot;basic&quot;}\" data-widget_type=\"thegem-styled-textbox.default\">\n\t\t\t\t<div class=\"elementor-widget-container\">\n\t\t\t\t\t\n<div class=\"gem-textbox styled-textbox-basic\">\n\n\t\n\t\t<div class=\"gem-textbox-top gem-textbox-top-none default-fill\">\n\t\t\t\t\t<\/div>\n\t\n\t<div class=\"gem-textbox-inner\">\n\n\t\t<div class=\"gem-textbox-content default-background\">\n\n\t\t\t\n\t\t\t<div class=\"gem-texbox-text-wrapper\">\n\n\t\t\t\t\t\t\t\t\t\n\t\t\t\t\t\t<h4 class=\"gem-textbox-title title-h4 bold\">\n\t\t\t\t\t\t\tDatos del grupo:\t\t\t\t\t\t<\/h4>\n\n\t\t\t\t\t\n\t\t\t\t\t\n\t\t\t\t\t\t<div class=\"gem-textbox-description gem-text-output\">\n\t\t\t\t\t\t\t<span><p dir=\"ltr\" style=\"line-height:1.38;text-align: justify;margin-top:6pt;margin-bottom:6pt\"><span style=\"font-size:11pt;font-family:Barlow,sans-serif;color:#000000;background-color:transparent;font-weight:400;font-style:normal;font-variant:normal;text-decoration:none;vertical-align:baseline;white-space:pre;white-space:pre-wrap\">Curso: 1\u00b0&nbsp;<\/span><\/p><p dir=\"ltr\" style=\"line-height:1.38;text-align: justify;margin-top:6pt;margin-bottom:6pt\"><span style=\"font-size:11pt;font-family:Barlow,sans-serif;color:#000000;background-color:transparent;font-weight:400;font-style:normal;font-variant:normal;text-decoration:none;vertical-align:baseline;white-space:pre;white-space:pre-wrap\">Divisi\u00f3n: A y B<\/span><\/p><p dir=\"ltr\" style=\"line-height:1.38;text-align: justify;margin-top:6pt;margin-bottom:6pt\"><span style=\"font-size:11pt;font-family:Barlow,sans-serif;color:#000000;background-color:transparent;font-weight:400;font-style:normal;font-variant:normal;text-decoration:none;vertical-align:baseline;white-space:pre;white-space:pre-wrap\">Docente: Juan Carlos Chetti<\/span><\/p><p dir=\"ltr\" style=\"line-height:1.38;text-align: justify;margin-top:6pt;margin-bottom:6pt\"><span style=\"font-size:11pt;font-family:Barlow,sans-serif;color:#000000;background-color:transparent;font-weight:400;font-style:normal;font-variant:normal;text-decoration:none;vertical-align:baseline;white-space:pre;white-space:pre-wrap\">Directivos: Romina Stessens<\/span><\/p><p dir=\"ltr\" style=\"line-height:1.38;text-align: justify;margin-top:6pt;margin-bottom:6pt\"><span style=\"font-size:11pt;font-family:Barlow,sans-serif;color:#000000;background-color:transparent;font-weight:400;font-style:normal;font-variant:normal;text-decoration:none;vertical-align:baseline;white-space:pre;white-space:pre-wrap\">Escuela: EESO N\u00b0 506 \u00c1ngela Peralta Pino<\/span><\/p><p dir=\"ltr\" style=\"line-height:1.38;text-align: justify;margin-top:6pt;margin-bottom:6pt\"><span><\/span><\/p><p dir=\"ltr\" style=\"line-height:1.38;text-align: justify;margin-top:6pt;margin-bottom:6pt\"><span style=\"font-size:11pt;font-family:Barlow,sans-serif;color:#000000;background-color:transparent;font-weight:400;font-style:normal;font-variant:normal;text-decoration:none;vertical-align:baseline;white-space:pre;white-space:pre-wrap\">Localidad: Santa Fe<\/span><span style=\"text-align: left\"><\/span><\/p><\/span>\t\t\t\t\t\t<\/div>\n\n\t\t\t\t\t\n\t\t\t\t\n\t\t\t\t\n\t\t\t<\/div>\n\n\t\t<\/div>\n\n\t<\/div>\n\n\t\n\t\t<div class=\"gem-textbox-bottom gem-textbox-bottom-none default-fill\">\n\t\t\t\t<\/div>\n\t\n\t\n<\/div>\n\t\t\t\t<\/div>\n\t\t\t\t<\/div>\n\t\t\t\t<div class=\"elementor-element elementor-element-53bbe45 flex-horizontal-align-default flex-horizontal-align-tablet-default flex-horizontal-align-mobile-default flex-vertical-align-default flex-vertical-align-tablet-default flex-vertical-align-mobile-default elementor-widget elementor-widget-thegem-styled-textbox\" data-id=\"53bbe45\" data-element_type=\"widget\" data-e-type=\"widget\" data-settings=\"{&quot;thegem_elementor_preset&quot;:&quot;basic&quot;}\" data-widget_type=\"thegem-styled-textbox.default\">\n\t\t\t\t<div class=\"elementor-widget-container\">\n\t\t\t\t\t\n<div class=\"gem-textbox styled-textbox-basic\">\n\n\t\n\t\t<div class=\"gem-textbox-top gem-textbox-top-none default-fill\">\n\t\t\t\t\t<\/div>\n\t\n\t<div class=\"gem-textbox-inner\">\n\n\t\t<div class=\"gem-textbox-content default-background\">\n\n\t\t\t\n\t\t\t<div class=\"gem-texbox-text-wrapper\">\n\n\t\t\t\t\t\t\t\t\t\n\t\t\t\t\t\t<h4 class=\"gem-textbox-title title-h4 bold\">\n\t\t\t\t\t\t\tTrabajo del grupo:\t\t\t\t\t\t<\/h4>\n\n\t\t\t\t\t\n\t\t\t\t\t\n\t\t\t\t\t\t<div class=\"gem-textbox-description gem-text-output\">\n\t\t\t\t\t\t\t<span><p dir=\"ltr\" style=\"line-height:1.38;text-align: justify;margin-top:6pt;margin-bottom:6pt\"><span><\/span><\/p><\/span><span><span><p dir=\"ltr\" style=\"line-height:1.38;text-align: justify;margin-top:6pt;margin-bottom:6pt\"><span style=\"font-size: 11pt;font-family: Barlow, sans-serif;background-color: transparent;vertical-align: baseline\">El grupo trabaj\u00f3 sobre la elaboraci\u00f3n de cartillas de roles con situaciones de violencia que hayan vivido, para reflexionar sobre los roles y c\u00f3mo se dan en la vida cotidiana del grupo.&nbsp;<\/span><\/p><p dir=\"ltr\" style=\"line-height:1.38;text-align: justify;margin-top:6pt;margin-bottom:6pt\"><span style=\"font-size: 11pt;font-family: Barlow, sans-serif;background-color: transparent;vertical-align: baseline\">Adem\u00e1s, confeccionaron afiches con la tem\u00e1tica de la resoluci\u00f3n creativa de conflictos. Luego de introducir la tem\u00e1tica, se trabaj\u00f3 con el formato \u201clluvia de ideas\u201d sobre la pregunta \u201c\u00bfC\u00f3mo creen ustedes que se puede construir un clima menos violento y m\u00e1s enriquecedor en la escuela y en el aula preferiblemente?\u201d. Continuaron con un afiche colaborativo con el t\u00edtulo de&nbsp; \"Herramientas para construir un clima pacifico en el aula\" y una caja en la que se encontraban escritos tres conceptos \u201cEmpat\u00eda\u201d, \u201cDi\u00e1logo\u201d y \u201cPensamiento cr\u00edtico\u201d, sobre los que fueron conversando y sintetizando ideas en el mismo afiche, que qued\u00f3 pegado en el aula para retomarlo en futuros encuentros.<\/span><\/p><p dir=\"ltr\" style=\"line-height:1.38;text-align: justify;margin-top:6pt;margin-bottom:6pt\"><span style=\"font-size: 11pt;font-family: Barlow, sans-serif;background-color: transparent;vertical-align: baseline\">La problem\u00e1tica que se pens\u00f3 surgi\u00f3 de un emergente y se centra en la en la construcci\u00f3n de un clima menos violento, la resoluci\u00f3n de conflictos mediante el uso de la noviolencia, haciendo foco en el dinamismo de los roles. Es decir, busca que los\/as estudiantes reflexionen sobre c\u00f3mo se pueden resolver los conflictos de manera no violenta, c\u00f3mo actuar frente a situaciones violentas, qu\u00e9 roles se ocupan en dichas situaciones. Asimismo, reflexionar sobre si dichos roles se pueden elegir y\/o modificar y, finalmente, c\u00f3mo se puede prevenir la violencia. La propuesta pensada es una continuidad de lo que se viene trabajando anteriormente, donde ya hemos abordado cuestiones referidas al an\u00e1lisis del conflicto y formas de afrontarlo y el reconocimiento de las violencias, tem\u00e1ticas puntuales del libro.<\/span><span style=\"text-align: left\"><\/span><\/p><\/span><\/span>\t\t\t\t\t\t<\/div>\n\n\t\t\t\t\t\n\t\t\t\t\n\t\t\t\t\n\t\t\t<\/div>\n\n\t\t<\/div>\n\n\t<\/div>\n\n\t\n\t\t<div class=\"gem-textbox-bottom gem-textbox-bottom-none default-fill\">\n\t\t\t\t<\/div>\n\t\n\t\n<\/div>\n\t\t\t\t<\/div>\n\t\t\t\t<\/div>\n\t\t\t\t\t<\/div>\n\t\t<\/div>\n\t\t\t\t<div class=\"elementor-column elementor-col-50 elementor-top-column elementor-element elementor-element-4c0a3d5\" data-id=\"4c0a3d5\" data-element_type=\"column\" data-e-type=\"column\">\n\t\t\t<div class=\"elementor-widget-wrap elementor-element-populated\">\n\t\t\t\t\t\t<div class=\"elementor-element elementor-element-5ee0a1f flex-horizontal-align-default flex-horizontal-align-tablet-default flex-horizontal-align-mobile-default flex-vertical-align-default flex-vertical-align-tablet-default flex-vertical-align-mobile-default elementor-widget elementor-widget-thegem-styled-textbox\" data-id=\"5ee0a1f\" data-element_type=\"widget\" data-e-type=\"widget\" data-settings=\"{&quot;thegem_elementor_preset&quot;:&quot;basic&quot;}\" data-widget_type=\"thegem-styled-textbox.default\">\n\t\t\t\t<div class=\"elementor-widget-container\">\n\t\t\t\t\t\n<div class=\"gem-textbox styled-textbox-basic\">\n\n\t\n\t\t<div class=\"gem-textbox-top gem-textbox-top-none default-fill\">\n\t\t\t\t\t<\/div>\n\t\n\t<div class=\"gem-textbox-inner\">\n\n\t\t<div class=\"gem-textbox-content default-background\">\n\n\t\t\t\n\t\t\t<div class=\"gem-texbox-text-wrapper\">\n\n\t\t\t\t\t\t\t\t\t\n\t\t\t\t\t\t<h4 class=\"gem-textbox-title title-h4 bold\">\n\t\t\t\t\t\t\tPresentaci\u00f3n del grupo:\t\t\t\t\t\t<\/h4>\n\n\t\t\t\t\t\n\t\t\t\t\t\n\t\t\t\t\t\t<div class=\"gem-textbox-description gem-text-output\">\n\t\t\t\t\t\t\t<span><p dir=\"ltr\" style=\"line-height:1.38;text-align: justify;margin-top:6pt;margin-bottom:6pt\"><span><\/span><\/p><p dir=\"ltr\" style=\"line-height:1.38;text-align: justify;margin-top:6pt;margin-bottom:6pt\"><span style=\"background-color: transparent;font-family: Barlow, sans-serif;font-size: 11pt\">El grupo se conform\u00f3 por ni\u00f1os, ni\u00f1as y adolescentes provenientes de la escuela primaria N\u00b0 1111. Adem\u00e1s, hay estudiantes que est\u00e1n recursando nuevamente el 1\u00b0 a\u00f1o, por lo que algunos\/as se conocen de a\u00f1os anteriores y otros\/as est\u00e1n en proceso de conocerse.<\/span><\/p><\/span><span><p dir=\"ltr\" style=\"line-height:1.38;text-align: justify;margin-top:6pt;margin-bottom:6pt\"><span style=\"font-size: 11pt;font-family: Barlow, sans-serif;background-color: transparent;vertical-align: baseline\">Al ser un grupo que en su mayor\u00eda inicia su proceso de ense\u00f1anza y aprendizaje por el nivel secundario del ciclo b\u00e1sico se debe trabajar las normas que establece el reglamento institucional y las pautas de convivencia que exige dicho nivel. Es decir, se debe acompa\u00f1ar para que los y las estudiantes adquieran h\u00e1bitos como por ejemplo: carpeta organizada por materias, organizaci\u00f3n de su espacio de trabajo, modales, respeto entre ellos y el\/la docente, la resoluci\u00f3n de conflictos de manera no violenta, la tolerancia por las diferencias, entre otros.<\/span><span style=\"text-align: left\"><\/span><\/p><\/span>\t\t\t\t\t\t<\/div>\n\n\t\t\t\t\t\n\t\t\t\t\n\t\t\t\t\n\t\t\t<\/div>\n\n\t\t<\/div>\n\n\t<\/div>\n\n\t\n\t\t<div class=\"gem-textbox-bottom gem-textbox-bottom-none default-fill\">\n\t\t\t\t<\/div>\n\t\n\t\n<\/div>\n\t\t\t\t<\/div>\n\t\t\t\t<\/div>\n\t\t\t\t<div class=\"elementor-element elementor-element-3984200 elementor-widget__width-initial flex-horizontal-align-default flex-horizontal-align-tablet-default flex-horizontal-align-mobile-default flex-vertical-align-default flex-vertical-align-tablet-default flex-vertical-align-mobile-default elementor-widget elementor-widget-thegem-styled-textbox\" data-id=\"3984200\" data-element_type=\"widget\" data-e-type=\"widget\" data-settings=\"{&quot;thegem_elementor_preset&quot;:&quot;basic&quot;}\" data-widget_type=\"thegem-styled-textbox.default\">\n\t\t\t\t<div class=\"elementor-widget-container\">\n\t\t\t\t\t\n<div class=\"gem-textbox styled-textbox-basic\">\n\n\t\n\t\t<div class=\"gem-textbox-top gem-textbox-top-none default-fill\">\n\t\t\t\t\t<\/div>\n\t\n\t<div class=\"gem-textbox-inner\">\n\n\t\t<div class=\"gem-textbox-content default-background\">\n\n\t\t\t\n\t\t\t<div class=\"gem-texbox-text-wrapper\">\n\n\t\t\t\t\t\t\t\t\t\n\t\t\t\t\t\t<h4 class=\"gem-textbox-title title-h4 bold\">\n\t\t\t\t\t\t\tEstudiantes del grupo:\t\t\t\t\t\t<\/h4>\n\n\t\t\t\t\t\n\t\t\t\t\t\n\t\t\t\t\t\t<div class=\"gem-textbox-description gem-text-output\">\n\t\t\t\t\t\t\t<p dir=\"ltr\" style=\"line-height:1.38;text-align: justify;margin-top:6pt;margin-bottom:6pt\"><span id=\"docs-internal-guid-5d9b4688-7fff-2dba-db83-ccc7ab383ec6\"><\/span><\/p><ul style=\"margin-top:0;margin-bottom:0;padding-inline-start:48px\"><li dir=\"ltr\" style=\"list-style-type:disc;font-size:11pt;font-family:Barlow,sans-serif;color:#000000;background-color:transparent;font-weight:400;font-style:normal;font-variant:normal;text-decoration:none;vertical-align:baseline;white-space:pre\"><p dir=\"ltr\" style=\"line-height:1.38;text-align: justify;margin-top:6pt;margin-bottom:0pt\" role=\"presentation\"><span style=\"font-size:11pt;font-family:Barlow,sans-serif;color:#000000;background-color:transparent;font-weight:400;font-style:normal;font-variant:normal;text-decoration:none;vertical-align:baseline;white-space:pre;white-space:pre-wrap\">Acosta, Joaqu\u00edn Francisco Roberto<\/span><\/p><\/li><li dir=\"ltr\" style=\"list-style-type:disc;font-size:11pt;font-family:Barlow,sans-serif;color:#000000;background-color:transparent;font-weight:400;font-style:normal;font-variant:normal;text-decoration:none;vertical-align:baseline;white-space:pre\"><p dir=\"ltr\" style=\"line-height:1.38;text-align: justify;margin-top:0pt;margin-bottom:0pt\" role=\"presentation\"><span style=\"font-size:11pt;font-family:Barlow,sans-serif;color:#000000;background-color:transparent;font-weight:400;font-style:normal;font-variant:normal;text-decoration:none;vertical-align:baseline;white-space:pre;white-space:pre-wrap\">Almiron, Tiana Shaiel<\/span><\/p><\/li><li dir=\"ltr\" style=\"list-style-type:disc;font-size:11pt;font-family:Barlow,sans-serif;color:#000000;background-color:transparent;font-weight:400;font-style:normal;font-variant:normal;text-decoration:none;vertical-align:baseline;white-space:pre\"><p dir=\"ltr\" style=\"line-height:1.38;text-align: justify;margin-top:0pt;margin-bottom:0pt\" role=\"presentation\"><span style=\"font-size:11pt;font-family:Barlow,sans-serif;color:#000000;background-color:transparent;font-weight:400;font-style:normal;font-variant:normal;text-decoration:none;vertical-align:baseline;white-space:pre;white-space:pre-wrap\">Altamirano, El\u00edas Joaqu\u00edn<\/span><\/p><\/li><li dir=\"ltr\" style=\"list-style-type:disc;font-size:11pt;font-family:Barlow,sans-serif;color:#000000;background-color:transparent;font-weight:400;font-style:normal;font-variant:normal;text-decoration:none;vertical-align:baseline;white-space:pre\"><p dir=\"ltr\" style=\"line-height:1.38;text-align: justify;margin-top:0pt;margin-bottom:0pt\" role=\"presentation\"><span style=\"font-size:11pt;font-family:Barlow,sans-serif;color:#000000;background-color:transparent;font-weight:400;font-style:normal;font-variant:normal;text-decoration:none;vertical-align:baseline;white-space:pre;white-space:pre-wrap\">Andrada. Agust\u00edn Sebasti\u00e1n<\/span><\/p><\/li><li dir=\"ltr\" style=\"list-style-type:disc;font-size:11pt;font-family:Barlow,sans-serif;color:#000000;background-color:transparent;font-weight:400;font-style:normal;font-variant:normal;text-decoration:none;vertical-align:baseline;white-space:pre\"><p dir=\"ltr\" style=\"line-height:1.38;text-align: justify;margin-top:0pt;margin-bottom:0pt\" role=\"presentation\"><span style=\"font-size:11pt;font-family:Barlow,sans-serif;color:#000000;background-color:transparent;font-weight:400;font-style:normal;font-variant:normal;text-decoration:none;vertical-align:baseline;white-space:pre;white-space:pre-wrap\">Aquino, Sharon Triana<\/span><\/p><\/li><li dir=\"ltr\" style=\"list-style-type:disc;font-size:11pt;font-family:Barlow,sans-serif;color:#000000;background-color:transparent;font-weight:400;font-style:normal;font-variant:normal;text-decoration:none;vertical-align:baseline;white-space:pre\"><p dir=\"ltr\" style=\"line-height:1.38;text-align: justify;margin-top:0pt;margin-bottom:0pt\" role=\"presentation\"><span style=\"font-size:11pt;font-family:Barlow,sans-serif;color:#000000;background-color:transparent;font-weight:400;font-style:normal;font-variant:normal;text-decoration:none;vertical-align:baseline;white-space:pre;white-space:pre-wrap\">Benitez, Adriel Jose<\/span><\/p><\/li><li dir=\"ltr\" style=\"list-style-type:disc;font-size:11pt;font-family:Barlow,sans-serif;color:#000000;background-color:transparent;font-weight:400;font-style:normal;font-variant:normal;text-decoration:none;vertical-align:baseline;white-space:pre\"><p dir=\"ltr\" style=\"line-height:1.38;text-align: justify;margin-top:0pt;margin-bottom:0pt\" role=\"presentation\"><span style=\"font-size:11pt;font-family:Barlow,sans-serif;color:#000000;background-color:transparent;font-weight:400;font-style:normal;font-variant:normal;text-decoration:none;vertical-align:baseline;white-space:pre;white-space:pre-wrap\">Garc\u00eda, Aixa Denise<\/span><\/p><\/li><li dir=\"ltr\" style=\"list-style-type:disc;font-size:11pt;font-family:Barlow,sans-serif;color:#000000;background-color:transparent;font-weight:400;font-style:normal;font-variant:normal;text-decoration:none;vertical-align:baseline;white-space:pre\"><p dir=\"ltr\" style=\"line-height:1.38;text-align: justify;margin-top:0pt;margin-bottom:0pt\" role=\"presentation\"><span style=\"font-size:11pt;font-family:Barlow,sans-serif;color:#000000;background-color:transparent;font-weight:400;font-style:normal;font-variant:normal;text-decoration:none;vertical-align:baseline;white-space:pre;white-space:pre-wrap\">Gonzalez, Alan Catriel<\/span><\/p><\/li><li dir=\"ltr\" style=\"list-style-type:disc;font-size:11pt;font-family:Barlow,sans-serif;color:#000000;background-color:transparent;font-weight:400;font-style:normal;font-variant:normal;text-decoration:none;vertical-align:baseline;white-space:pre\"><p dir=\"ltr\" style=\"line-height:1.38;text-align: justify;margin-top:0pt;margin-bottom:0pt\" role=\"presentation\"><span style=\"font-size:11pt;font-family:Barlow,sans-serif;color:#000000;background-color:transparent;font-weight:400;font-style:normal;font-variant:normal;text-decoration:none;vertical-align:baseline;white-space:pre;white-space:pre-wrap\">Gonzalez, Santiago Lisandro<\/span><\/p><\/li><li dir=\"ltr\" style=\"list-style-type:disc;font-size:11pt;font-family:Barlow,sans-serif;color:#000000;background-color:transparent;font-weight:400;font-style:normal;font-variant:normal;text-decoration:none;vertical-align:baseline;white-space:pre\"><p dir=\"ltr\" style=\"line-height:1.38;text-align: justify;margin-top:0pt;margin-bottom:0pt\" role=\"presentation\"><span style=\"font-size:11pt;font-family:Barlow,sans-serif;color:#000000;background-color:transparent;font-weight:400;font-style:normal;font-variant:normal;text-decoration:none;vertical-align:baseline;white-space:pre;white-space:pre-wrap\">Medina, Yosemir Nicol\u00e1s<\/span><\/p><\/li><li dir=\"ltr\" style=\"list-style-type:disc;font-size:11pt;font-family:Barlow,sans-serif;color:#000000;background-color:transparent;font-weight:400;font-style:normal;font-variant:normal;text-decoration:none;vertical-align:baseline;white-space:pre\"><p dir=\"ltr\" style=\"line-height:1.38;text-align: justify;margin-top:0pt;margin-bottom:0pt\" role=\"presentation\"><span style=\"font-size:11pt;font-family:Barlow,sans-serif;color:#000000;background-color:transparent;font-weight:400;font-style:normal;font-variant:normal;text-decoration:none;vertical-align:baseline;white-space:pre;white-space:pre-wrap\">Micucci Schneider, Mariana Aylin<\/span><\/p><\/li><li dir=\"ltr\" style=\"list-style-type:disc;font-size:11pt;font-family:Barlow,sans-serif;color:#000000;background-color:transparent;font-weight:400;font-style:normal;font-variant:normal;text-decoration:none;vertical-align:baseline;white-space:pre\"><p dir=\"ltr\" style=\"line-height:1.38;text-align: justify;margin-top:0pt;margin-bottom:0pt\" role=\"presentation\"><span style=\"font-size:11pt;font-family:Barlow,sans-serif;color:#000000;background-color:transparent;font-weight:400;font-style:normal;font-variant:normal;text-decoration:none;vertical-align:baseline;white-space:pre;white-space:pre-wrap\">Perez, Lucas Ismael Ezequiel<\/span><\/p><\/li><li dir=\"ltr\" style=\"list-style-type:disc;font-size:11pt;font-family:Barlow,sans-serif;color:#000000;background-color:transparent;font-weight:400;font-style:normal;font-variant:normal;text-decoration:none;vertical-align:baseline;white-space:pre\"><p dir=\"ltr\" style=\"line-height:1.38;text-align: justify;margin-top:0pt;margin-bottom:6pt\" role=\"presentation\"><span style=\"font-size:11pt;font-family:Barlow,sans-serif;color:#000000;background-color:transparent;font-weight:400;font-style:normal;font-variant:normal;text-decoration:none;vertical-align:baseline;white-space:pre;white-space:pre-wrap\">Polo, Xiomara Milagros<\/span><\/p><\/li><\/ul>\t\t\t\t\t\t<\/div>\n\n\t\t\t\t\t\n\t\t\t\t\n\t\t\t\t\n\t\t\t<\/div>\n\n\t\t<\/div>\n\n\t<\/div>\n\n\t\n\t\t<div class=\"gem-textbox-bottom gem-textbox-bottom-none default-fill\">\n\t\t\t\t<\/div>\n\t\n\t\n<\/div>\n\t\t\t\t<\/div>\n\t\t\t\t<\/div>\n\t\t\t\t\t<\/div>\n\t\t<\/div>\n\t\t\t\t\t<\/div><\/div>\r\n\t\t<\/section>\r\n\t\t\t\t<section class=\"elementor-section elementor-top-section elementor-element elementor-element-d9a2e79 elementor-section-boxed elementor-section-height-default elementor-section-height-default\" data-id=\"d9a2e79\" data-element_type=\"section\" data-e-type=\"section\">\r\n\t\t\t\t\t\t<div class=\"elementor-container elementor-column-gap-thegem\"><div class=\"elementor-row\">\r\n\t\t\t\t\t<div class=\"elementor-column elementor-col-100 elementor-top-column elementor-element elementor-element-3803b23\" data-id=\"3803b23\" data-element_type=\"column\" data-e-type=\"column\">\n\t\t\t<div class=\"elementor-widget-wrap elementor-element-populated\">\n\t\t\t\t\t\t<div class=\"elementor-element elementor-element-2c39d19 flex-horizontal-align-default flex-horizontal-align-tablet-default flex-horizontal-align-mobile-default flex-vertical-align-default flex-vertical-align-tablet-default flex-vertical-align-mobile-default elementor-widget elementor-widget-thegem-gallery-slider\" data-id=\"2c39d19\" data-element_type=\"widget\" data-e-type=\"widget\" data-settings=\"{&quot;image_ratio&quot;:{&quot;unit&quot;:&quot;px&quot;,&quot;size&quot;:0,&quot;sizes&quot;:[]},&quot;image_size&quot;:&quot;full&quot;,&quot;icon_show&quot;:&quot;yes&quot;}\" data-widget_type=\"thegem-gallery-slider.default\">\n\t\t\t\t<div class=\"elementor-widget-container\">\n\t\t\t\t\t\n\t\t<div class=\"preloader\">\n\t\t\t<div class=\"preloader-spin\"><\/div>\n\t\t<\/div>\n\t\t<div class=\"gem-gallery gem-gallery-hover-default  \">\n\t\t\t\t\t\t\t\n<div class=\"gem-gallery-item\">\n\t<div class=\"gem-gallery-item-image\">\n\t\t<a href=\"https:\/\/espacioseducativos.ar\/nueva\/wp-content\/uploads\/2025\/11\/3-Juan-Carlos-Chetti-scaled.jpeg\"\n\t\t\tdata-full-image-url=\"https:\/\/espacioseducativos.ar\/nueva\/wp-content\/uploads\/2025\/11\/3-Juan-Carlos-Chetti-scaled.jpeg\"\n\t\t\tdata-elementor-open-lightbox=\"no\"\n\t\t\tdata-fancybox=\"gallery-69f47e3613a9d\">\n\t\t\t<svg class=\"arrow-mark\" width=\"20\" height=\"10\">\n\t\t\t\t<path d=\"M 0,10 Q 9,9 10,0 Q 11,9 20,10\"\/>\n\t\t\t<\/svg>\n\t\t\t<img src=\"https:\/\/espacioseducativos.ar\/nueva\/wp-content\/uploads\/2025\/11\/3-Juan-Carlos-Chetti-scaled-thegem-post-thumb-small.jpeg\"\n\t\t\t\t alt=\"3 - Juan Carlos Chetti\" class=\"img-responsive\">\n\t\t\t<span class=\"gem-gallery-caption slide-info\">\n\t\t\t\t<span class=\"gem-gallery-item-title \">\n\t\t\t\t\t\t\t\t\t<\/span>\n\t\t\t\t<span class=\"gem-gallery-item-description\">\n\t\t\t\t\t\t\t\t\t<\/span>\n\t\t\t<\/span>\n\t\t\t<i aria-hidden=\"true\" class=\"photo-icon fas fa-camera\"><\/i>\t\t\t\t\t<\/a>\n\t<\/div>\n<\/div>\n\n\t\t\t\t\t\t\t\t\t\t\t\n<div class=\"gem-gallery-item\">\n\t<div class=\"gem-gallery-item-image\">\n\t\t<a href=\"https:\/\/espacioseducativos.ar\/nueva\/wp-content\/uploads\/2025\/11\/WhatsApp-Image-2025-07-30-at-12.15.52-3-scaled.jpeg\"\n\t\t\tdata-full-image-url=\"https:\/\/espacioseducativos.ar\/nueva\/wp-content\/uploads\/2025\/11\/WhatsApp-Image-2025-07-30-at-12.15.52-3-scaled.jpeg\"\n\t\t\tdata-elementor-open-lightbox=\"no\"\n\t\t\tdata-fancybox=\"gallery-69f47e3613a9d\">\n\t\t\t<svg class=\"arrow-mark\" width=\"20\" height=\"10\">\n\t\t\t\t<path d=\"M 0,10 Q 9,9 10,0 Q 11,9 20,10\"\/>\n\t\t\t<\/svg>\n\t\t\t<img src=\"https:\/\/espacioseducativos.ar\/nueva\/wp-content\/uploads\/2025\/11\/WhatsApp-Image-2025-07-30-at-12.15.52-3-scaled-thegem-post-thumb-small.jpeg\"\n\t\t\t\t alt=\"WhatsApp Image 2025-07-30 at 12.15.52 (3)\" class=\"img-responsive\">\n\t\t\t<span class=\"gem-gallery-caption slide-info\">\n\t\t\t\t<span class=\"gem-gallery-item-title \">\n\t\t\t\t\t\t\t\t\t<\/span>\n\t\t\t\t<span class=\"gem-gallery-item-description\">\n\t\t\t\t\t\t\t\t\t<\/span>\n\t\t\t<\/span>\n\t\t\t<i aria-hidden=\"true\" class=\"photo-icon fas fa-camera\"><\/i>\t\t\t\t\t<\/a>\n\t<\/div>\n<\/div>\n\n\t\t\t\t\t\t\t\t\t\t\t\n<div class=\"gem-gallery-item\">\n\t<div class=\"gem-gallery-item-image\">\n\t\t<a href=\"https:\/\/espacioseducativos.ar\/nueva\/wp-content\/uploads\/2025\/11\/WhatsApp-Image-2025-07-30-at-12.15.52-1-scaled.jpeg\"\n\t\t\tdata-full-image-url=\"https:\/\/espacioseducativos.ar\/nueva\/wp-content\/uploads\/2025\/11\/WhatsApp-Image-2025-07-30-at-12.15.52-1-scaled.jpeg\"\n\t\t\tdata-elementor-open-lightbox=\"no\"\n\t\t\tdata-fancybox=\"gallery-69f47e3613a9d\">\n\t\t\t<svg class=\"arrow-mark\" width=\"20\" height=\"10\">\n\t\t\t\t<path d=\"M 0,10 Q 9,9 10,0 Q 11,9 20,10\"\/>\n\t\t\t<\/svg>\n\t\t\t<img src=\"https:\/\/espacioseducativos.ar\/nueva\/wp-content\/uploads\/2025\/11\/WhatsApp-Image-2025-07-30-at-12.15.52-1-scaled-thegem-post-thumb-small.jpeg\"\n\t\t\t\t alt=\"WhatsApp Image 2025-07-30 at 12.15.52 (1)\" class=\"img-responsive\">\n\t\t\t<span class=\"gem-gallery-caption slide-info\">\n\t\t\t\t<span class=\"gem-gallery-item-title \">\n\t\t\t\t\t\t\t\t\t<\/span>\n\t\t\t\t<span class=\"gem-gallery-item-description\">\n\t\t\t\t\t\t\t\t\t<\/span>\n\t\t\t<\/span>\n\t\t\t<i aria-hidden=\"true\" class=\"photo-icon fas fa-camera\"><\/i>\t\t\t\t\t<\/a>\n\t<\/div>\n<\/div>\n\n\t\t\t\t\t\t\t\t\t<\/div>\n\t\t\t\t\t\t<\/div>\n\t\t\t\t<\/div>\n\t\t\t\t\t<\/div>\n\t\t<\/div>\n\t\t\t\t\t<\/div><\/div>\r\n\t\t<\/section>\r\n\t\t\t\t<section class=\"elementor-section elementor-top-section elementor-element elementor-element-871c6bd elementor-section-boxed elementor-section-height-default elementor-section-height-default\" data-id=\"871c6bd\" data-element_type=\"section\" data-e-type=\"section\">\r\n\t\t\t\t\t\t<div class=\"elementor-container elementor-column-gap-thegem\"><div class=\"elementor-row\">\r\n\t\t\t\t\t<div class=\"elementor-column elementor-col-50 elementor-top-column elementor-element elementor-element-ad42112\" data-id=\"ad42112\" data-element_type=\"column\" data-e-type=\"column\">\n\t\t\t<div class=\"elementor-widget-wrap elementor-element-populated\">\n\t\t\t\t\t\t<div class=\"elementor-element elementor-element-213be47 flex-horizontal-align-default flex-horizontal-align-tablet-default flex-horizontal-align-mobile-default flex-vertical-align-default flex-vertical-align-tablet-default flex-vertical-align-mobile-default elementor-widget elementor-widget-image\" data-id=\"213be47\" data-element_type=\"widget\" data-e-type=\"widget\" data-widget_type=\"image.default\">\n\t\t\t\t<div class=\"elementor-widget-container\">\n\t\t\t\t\t\t\t\t\t\t\t\t\t\t\t<img fetchpriority=\"high\" width=\"1024\" height=\"1021\" src=\"https:\/\/espacioseducativos.ar\/nueva\/wp-content\/uploads\/2025\/11\/WhatsApp-Image-2025-07-30-at-12.42.14-scaled-e1762381589486-1024x1021.jpeg\" class=\"attachment-large size-large wp-image-5809\" alt=\"\" srcset=\"https:\/\/espacioseducativos.ar\/nueva\/wp-content\/uploads\/2025\/11\/WhatsApp-Image-2025-07-30-at-12.42.14-scaled-e1762381589486-1024x1021.jpeg 1024w, https:\/\/espacioseducativos.ar\/nueva\/wp-content\/uploads\/2025\/11\/WhatsApp-Image-2025-07-30-at-12.42.14-scaled-e1762381589486-300x300.jpeg 300w, https:\/\/espacioseducativos.ar\/nueva\/wp-content\/uploads\/2025\/11\/WhatsApp-Image-2025-07-30-at-12.42.14-scaled-e1762381589486-150x150.jpeg 150w, https:\/\/espacioseducativos.ar\/nueva\/wp-content\/uploads\/2025\/11\/WhatsApp-Image-2025-07-30-at-12.42.14-scaled-e1762381589486-768x766.jpeg 768w, https:\/\/espacioseducativos.ar\/nueva\/wp-content\/uploads\/2025\/11\/WhatsApp-Image-2025-07-30-at-12.42.14-scaled-e1762381589486-256x256.jpeg 256w, https:\/\/espacioseducativos.ar\/nueva\/wp-content\/uploads\/2025\/11\/WhatsApp-Image-2025-07-30-at-12.42.14-scaled-e1762381589486.jpeg 1438w\" sizes=\"(max-width: 1024px) 100vw, 1024px\" \/>\t\t\t\t\t\t\t\t\t\t\t\t\t\t\t<\/div>\n\t\t\t\t<\/div>\n\t\t\t\t\t<\/div>\n\t\t<\/div>\n\t\t\t\t<div class=\"elementor-column elementor-col-50 elementor-top-column elementor-element elementor-element-c6432a0\" data-id=\"c6432a0\" data-element_type=\"column\" data-e-type=\"column\">\n\t\t\t<div class=\"elementor-widget-wrap elementor-element-populated\">\n\t\t\t\t\t\t<div class=\"elementor-element elementor-element-a4dcd9b flex-horizontal-align-default flex-horizontal-align-tablet-default flex-horizontal-align-mobile-default flex-vertical-align-default flex-vertical-align-tablet-default flex-vertical-align-mobile-default elementor-widget elementor-widget-image\" data-id=\"a4dcd9b\" data-element_type=\"widget\" data-e-type=\"widget\" data-widget_type=\"image.default\">\n\t\t\t\t<div class=\"elementor-widget-container\">\n\t\t\t\t\t\t\t\t\t\t\t\t\t\t\t<img width=\"1024\" height=\"576\" src=\"https:\/\/espacioseducativos.ar\/nueva\/wp-content\/uploads\/2025\/11\/WhatsApp-Image-2025-07-30-at-12.15.52-1024x576.jpeg\" class=\"attachment-large size-large wp-image-5808\" alt=\"\" srcset=\"https:\/\/espacioseducativos.ar\/nueva\/wp-content\/uploads\/2025\/11\/WhatsApp-Image-2025-07-30-at-12.15.52-1024x576.jpeg 1024w, https:\/\/espacioseducativos.ar\/nueva\/wp-content\/uploads\/2025\/11\/WhatsApp-Image-2025-07-30-at-12.15.52-300x169.jpeg 300w, https:\/\/espacioseducativos.ar\/nueva\/wp-content\/uploads\/2025\/11\/WhatsApp-Image-2025-07-30-at-12.15.52-768x432.jpeg 768w, https:\/\/espacioseducativos.ar\/nueva\/wp-content\/uploads\/2025\/11\/WhatsApp-Image-2025-07-30-at-12.15.52-1536x864.jpeg 1536w, https:\/\/espacioseducativos.ar\/nueva\/wp-content\/uploads\/2025\/11\/WhatsApp-Image-2025-07-30-at-12.15.52-2048x1152.jpeg 2048w\" sizes=\"(max-width: 1024px) 100vw, 1024px\" \/>\t\t\t\t\t\t\t\t\t\t\t\t\t\t\t<\/div>\n\t\t\t\t<\/div>\n\t\t\t\t\t<\/div>\n\t\t<\/div>\n\t\t\t\t\t<\/div><\/div>\r\n\t\t<\/section>\r\n\t\t\t\t<\/div>\n\t\t","protected":false},"excerpt":{"rendered":"<p>Datos del grupo: Curso: 1\u00b0&nbsp; Divisi\u00f3n: A y B Docente: Juan Carlos Chetti Directivos: Romina Stessens Escuela: EESO N\u00b0 506&#8230;<\/p>\n","protected":false},"author":2,"featured_media":0,"comment_status":"open","ping_status":"open","sticky":false,"template":"single-fullwidth.php","format":"standard","meta":{"footnotes":""},"categories":[1],"tags":[],"class_list":{"0":"post-5802","1":"post","2":"type-post","3":"status-publish","4":"format-standard","6":"category-sin-categoria"},"menu_order":0,"_links":{"self":[{"href":"https:\/\/espacioseducativos.ar\/nueva\/wp-json\/wp\/v2\/posts\/5802","targetHints":{"allow":["GET"]}}],"collection":[{"href":"https:\/\/espacioseducativos.ar\/nueva\/wp-json\/wp\/v2\/posts"}],"about":[{"href":"https:\/\/espacioseducativos.ar\/nueva\/wp-json\/wp\/v2\/types\/post"}],"author":[{"embeddable":true,"href":"https:\/\/espacioseducativos.ar\/nueva\/wp-json\/wp\/v2\/users\/2"}],"replies":[{"embeddable":true,"href":"https:\/\/espacioseducativos.ar\/nueva\/wp-json\/wp\/v2\/comments?post=5802"}],"version-history":[{"count":5,"href":"https:\/\/espacioseducativos.ar\/nueva\/wp-json\/wp\/v2\/posts\/5802\/revisions"}],"predecessor-version":[{"id":5902,"href":"https:\/\/espacioseducativos.ar\/nueva\/wp-json\/wp\/v2\/posts\/5802\/revisions\/5902"}],"wp:attachment":[{"href":"https:\/\/espacioseducativos.ar\/nueva\/wp-json\/wp\/v2\/media?parent=5802"}],"wp:term":[{"taxonomy":"category","embeddable":true,"href":"https:\/\/espacioseducativos.ar\/nueva\/wp-json\/wp\/v2\/categories?post=5802"},{"taxonomy":"post_tag","embeddable":true,"href":"https:\/\/espacioseducativos.ar\/nueva\/wp-json\/wp\/v2\/tags?post=5802"}],"curies":[{"name":"wp","href":"https:\/\/api.w.org\/{rel}","templated":true}]}}