{"id":5838,"date":"2025-11-06T14:47:52","date_gmt":"2025-11-06T14:47:52","guid":{"rendered":"https:\/\/espacioseducativos.ar\/nueva\/?p=5838"},"modified":"2025-11-06T17:39:48","modified_gmt":"2025-11-06T17:39:48","slug":"eetp-n-647-dr-pedro-l-funes","status":"publish","type":"post","link":"https:\/\/espacioseducativos.ar\/nueva\/eetp-n-647-dr-pedro-l-funes\/","title":{"rendered":"EETP N\u00b0 647 Dr. Pedro L. Funes"},"content":{"rendered":"\t\t<div data-elementor-type=\"wp-post\" data-elementor-id=\"5838\" class=\"elementor elementor-5838\">\n\t\t\t\t\t\t<section class=\"elementor-section elementor-top-section elementor-element elementor-element-4cbed4f elementor-section-boxed elementor-section-height-default elementor-section-height-default\" data-id=\"4cbed4f\" data-element_type=\"section\" data-e-type=\"section\">\r\n\t\t\t\t\t\t<div class=\"elementor-container elementor-column-gap-thegem\"><div class=\"elementor-row\">\r\n\t\t\t\t\t<div class=\"elementor-column elementor-col-50 elementor-top-column elementor-element elementor-element-31aef7d\" data-id=\"31aef7d\" data-element_type=\"column\" data-e-type=\"column\">\n\t\t\t<div class=\"elementor-widget-wrap elementor-element-populated\">\n\t\t\t\t\t\t<div class=\"elementor-element elementor-element-e549aaf flex-horizontal-align-default flex-horizontal-align-tablet-default flex-horizontal-align-mobile-default flex-vertical-align-default flex-vertical-align-tablet-default flex-vertical-align-mobile-default elementor-widget elementor-widget-thegem-styled-textbox\" data-id=\"e549aaf\" data-element_type=\"widget\" data-e-type=\"widget\" data-settings=\"{&quot;thegem_elementor_preset&quot;:&quot;basic&quot;}\" data-widget_type=\"thegem-styled-textbox.default\">\n\t\t\t\t<div class=\"elementor-widget-container\">\n\t\t\t\t\t\n<div class=\"gem-textbox styled-textbox-basic\">\n\n\t\n\t\t<div class=\"gem-textbox-top gem-textbox-top-none default-fill\">\n\t\t\t\t\t<\/div>\n\t\n\t<div class=\"gem-textbox-inner\">\n\n\t\t<div class=\"gem-textbox-content default-background\">\n\n\t\t\t\n\t\t\t<div class=\"gem-texbox-text-wrapper\">\n\n\t\t\t\t\t\t\t\t\t\n\t\t\t\t\t\t<h4 class=\"gem-textbox-title title-h4 bold\">\n\t\t\t\t\t\t\tDatos del grupo:\t\t\t\t\t\t<\/h4>\n\n\t\t\t\t\t\n\t\t\t\t\t\n\t\t\t\t\t\t<div class=\"gem-textbox-description gem-text-output\">\n\t\t\t\t\t\t\t<span><p dir=\"ltr\" style=\"line-height:1.38;text-align: justify;margin-top:6pt;margin-bottom:6pt\"><span style=\"font-size:11pt;font-family:Barlow,sans-serif;color:#000000;background-color:transparent;font-weight:400;font-style:normal;font-variant:normal;text-decoration:none;vertical-align:baseline;white-space:pre;white-space:pre-wrap\">Curso: 2\u00b0<\/span><\/p><p dir=\"ltr\" style=\"line-height:1.38;text-align: justify;margin-top:6pt;margin-bottom:6pt\"><span style=\"font-size:11pt;font-family:Barlow,sans-serif;color:#000000;background-color:transparent;font-weight:400;font-style:normal;font-variant:normal;text-decoration:none;vertical-align:baseline;white-space:pre;white-space:pre-wrap\">Divisi\u00f3n: C<\/span><\/p><p dir=\"ltr\" style=\"line-height:1.38;text-align: justify;margin-top:6pt;margin-bottom:6pt\"><span style=\"font-size:11pt;font-family:Barlow,sans-serif;color:#000000;background-color:transparent;font-weight:400;font-style:normal;font-variant:normal;text-decoration:none;vertical-align:baseline;white-space:pre;white-space:pre-wrap\">Docente: Alicia Nerina Ponce y Perla Danelone<\/span><\/p><p dir=\"ltr\" style=\"line-height:1.38;text-align: justify;margin-top:6pt;margin-bottom:6pt\"><span style=\"font-size:11pt;font-family:Barlow,sans-serif;color:#000000;background-color:transparent;font-weight:400;font-style:normal;font-variant:normal;text-decoration:none;vertical-align:baseline;white-space:pre;white-space:pre-wrap\">Directivos: Adriana Coll&nbsp;<\/span><\/p><p dir=\"ltr\" style=\"line-height:1.38;text-align: justify;margin-top:6pt;margin-bottom:6pt\"><span style=\"font-size:11pt;font-family:Barlow,sans-serif;color:#000000;background-color:transparent;font-weight:400;font-style:normal;font-variant:normal;text-decoration:none;vertical-align:baseline;white-space:pre;white-space:pre-wrap\">Escuela: EETP N\u00b0 647 Dr. Pedro L. Funes<\/span><\/p><p dir=\"ltr\" style=\"line-height:1.38;text-align: justify;margin-top:6pt;margin-bottom:6pt\"><span id=\"docs-internal-guid-fcac085a-7fff-c2cc-a3e3-ceed89f648db\"><\/span><\/p><p dir=\"ltr\" style=\"line-height:1.38;text-align: justify;margin-top:6pt;margin-bottom:6pt\"><span style=\"font-size:11pt;font-family:Barlow,sans-serif;color:#000000;background-color:transparent;font-weight:400;font-style:normal;font-variant:normal;text-decoration:none;vertical-align:baseline;white-space:pre;white-space:pre-wrap\">Localidad: Santa Fe <\/span><\/p><\/span>\t\t\t\t\t\t<\/div>\n\n\t\t\t\t\t\n\t\t\t\t\n\t\t\t\t\n\t\t\t<\/div>\n\n\t\t<\/div>\n\n\t<\/div>\n\n\t\n\t\t<div class=\"gem-textbox-bottom gem-textbox-bottom-none default-fill\">\n\t\t\t\t<\/div>\n\t\n\t\n<\/div>\n\t\t\t\t<\/div>\n\t\t\t\t<\/div>\n\t\t\t\t<div class=\"elementor-element elementor-element-53bbe45 flex-horizontal-align-default flex-horizontal-align-tablet-default flex-horizontal-align-mobile-default flex-vertical-align-default flex-vertical-align-tablet-default flex-vertical-align-mobile-default elementor-widget elementor-widget-thegem-styled-textbox\" data-id=\"53bbe45\" data-element_type=\"widget\" data-e-type=\"widget\" data-settings=\"{&quot;thegem_elementor_preset&quot;:&quot;basic&quot;}\" data-widget_type=\"thegem-styled-textbox.default\">\n\t\t\t\t<div class=\"elementor-widget-container\">\n\t\t\t\t\t\n<div class=\"gem-textbox styled-textbox-basic\">\n\n\t\n\t\t<div class=\"gem-textbox-top gem-textbox-top-none default-fill\">\n\t\t\t\t\t<\/div>\n\t\n\t<div class=\"gem-textbox-inner\">\n\n\t\t<div class=\"gem-textbox-content default-background\">\n\n\t\t\t\n\t\t\t<div class=\"gem-texbox-text-wrapper\">\n\n\t\t\t\t\t\t\t\t\t\n\t\t\t\t\t\t<h4 class=\"gem-textbox-title title-h4 bold\">\n\t\t\t\t\t\t\tTrabajo del grupo:\t\t\t\t\t\t<\/h4>\n\n\t\t\t\t\t\n\t\t\t\t\t\n\t\t\t\t\t\t<div class=\"gem-textbox-description gem-text-output\">\n\t\t\t\t\t\t\t<p dir=\"ltr\" style=\"line-height: 1.38;text-align: justify;margin-top: 6pt;margin-bottom: 6pt\"><span style=\"font-size: 11pt;font-family: Barlow,sans-serif;color: #000000;background-color: transparent;font-weight: 400;font-style: normal;font-variant: normal;text-decoration: none;vertical-align: baseline;white-space: pre-wrap\">El objetivo final no se limit\u00f3 a transmitir informaci\u00f3n, sino que se propuso habilitar un\u00a0 proceso transformador: pasar del reconocimiento de la violencia y de los roles que ocupamos frente a ella, hacia la posibilidad de actuar en consecuencia, ya sea interviniendo, acompa\u00f1ando o generando formas de\u00a0 protecci\u00f3n. De esta manera, el proyecto busc\u00f3 consolidar un aprendizaje que trascienda el aula y se proyecte\u00a0 hacia la vida en comunidad.\u00a0<\/span><\/p><p dir=\"ltr\" style=\"line-height: 1.38;text-align: justify;margin-top: 6pt;margin-bottom: 6pt\"><span style=\"font-size: 11pt;font-family: Barlow,sans-serif;color: #000000;background-color: transparent;font-weight: 400;font-style: normal;font-variant: normal;text-decoration: none;vertical-align: baseline;white-space: pre-wrap\">A partir de la propuesta de la docente para trabajar los roles de manera institucional y sostenida en el tiempo, las y los estudiantes se organizaron en tres subgrupos. Cada uno present\u00f3 una iniciativa pensada para sostenerse en el espacio escolar:<\/span><\/p><ul style=\"margin-top: 0;margin-bottom: 0;padding-inline-start: 48px\"><li dir=\"ltr\" style=\"list-style-type: disc;font-size: 11pt;font-family: Barlow,sans-serif;color: #000000;background-color: transparent;font-weight: 400;font-style: normal;font-variant: normal;text-decoration: none;vertical-align: baseline;white-space: pre\"><p dir=\"ltr\" style=\"line-height: 1.38;text-align: justify;margin-top: 6pt;margin-bottom: 0pt\" role=\"presentation\"><strong><span style=\"font-size: 11pt;font-family: Barlow, sans-serif;color: #000000;background-color: transparent;font-style: normal;font-variant: normal;vertical-align: baseline;white-space: pre-wrap\">\u201cEl mural de los roles\u201d<\/span><\/strong><span style=\"font-size: 11pt;font-family: Barlow,sans-serif;color: #000000;background-color: transparent;font-weight: 400;font-style: normal;font-variant: normal;text-decoration: none;vertical-align: baseline;white-space: pre-wrap\">: se realiz\u00f3 un mural que representa gr\u00e1ficamente los roles, invitando a reflexionar sobre la propia posici\u00f3n frente a la violencia.<\/span><\/p><\/li><li dir=\"ltr\" style=\"list-style-type: disc;font-size: 11pt;font-family: Barlow,sans-serif;color: #000000;background-color: transparent;font-weight: 400;font-style: normal;font-variant: normal;text-decoration: none;vertical-align: baseline;white-space: pre\"><p dir=\"ltr\" style=\"line-height: 1.38;text-align: justify;margin-top: 0pt;margin-bottom: 0pt\" role=\"presentation\"><strong><span style=\"font-size: 11pt;font-family: Barlow, sans-serif;color: #000000;background-color: transparent;font-style: normal;font-variant: normal;vertical-align: baseline;white-space: pre-wrap\">\u201cEl sem\u00e1foro de la violencia en el aula\u201d<\/span><\/strong><span style=\"font-size: 11pt;font-family: Barlow,sans-serif;color: #000000;background-color: transparent;font-weight: 400;font-style: normal;font-variant: normal;text-decoration: none;vertical-align: baseline;white-space: pre-wrap\"><strong>:<\/strong> se realiz\u00f3 un cartel en forma de sem\u00e1foro donde se registran distintas situaciones para que quede en los cursos para analizar situaciones que surjan: en rojo cuando alguien agrede, en amarillo cuando hay tensi\u00f3n y en verde cuando alguien protege.<\/span><\/p><\/li><li dir=\"ltr\" style=\"list-style-type: disc;font-size: 11pt;font-family: Barlow,sans-serif;color: #000000;background-color: transparent;font-weight: 400;font-style: normal;font-variant: normal;text-decoration: none;vertical-align: baseline;white-space: pre\"><p dir=\"ltr\" style=\"line-height: 1.38;text-align: justify;margin-top: 0pt;margin-bottom: 6pt\" role=\"presentation\"><strong><span style=\"font-size: 11pt;font-family: Barlow, sans-serif;color: #000000;background-color: transparent;font-style: normal;font-variant: normal;vertical-align: baseline;white-space: pre-wrap\">\u201cEl escuadr\u00f3n de protectores\u201d<\/span><\/strong><span style=\"font-size: 11pt;font-family: Barlow,sans-serif;color: #000000;background-color: transparent;font-weight: 400;font-style: normal;font-variant: normal;text-decoration: none;vertical-align: baseline;white-space: pre-wrap\">: creaci\u00f3n de un grupo de voluntarios cuya funci\u00f3n espec\u00edfica es acompa\u00f1ar y contener a la persona agredida, asumiendo el rol de protectores.<\/span><\/p><\/li><\/ul>\t\t\t\t\t\t<\/div>\n\n\t\t\t\t\t\n\t\t\t\t\n\t\t\t\t\n\t\t\t<\/div>\n\n\t\t<\/div>\n\n\t<\/div>\n\n\t\n\t\t<div class=\"gem-textbox-bottom gem-textbox-bottom-none default-fill\">\n\t\t\t\t<\/div>\n\t\n\t\n<\/div>\n\t\t\t\t<\/div>\n\t\t\t\t<\/div>\n\t\t\t\t\t<\/div>\n\t\t<\/div>\n\t\t\t\t<div class=\"elementor-column elementor-col-50 elementor-top-column elementor-element elementor-element-4c0a3d5\" data-id=\"4c0a3d5\" data-element_type=\"column\" data-e-type=\"column\">\n\t\t\t<div class=\"elementor-widget-wrap elementor-element-populated\">\n\t\t\t\t\t\t<div class=\"elementor-element elementor-element-5ee0a1f flex-horizontal-align-default flex-horizontal-align-tablet-default flex-horizontal-align-mobile-default flex-vertical-align-default flex-vertical-align-tablet-default flex-vertical-align-mobile-default elementor-widget elementor-widget-thegem-styled-textbox\" data-id=\"5ee0a1f\" data-element_type=\"widget\" data-e-type=\"widget\" data-settings=\"{&quot;thegem_elementor_preset&quot;:&quot;basic&quot;}\" data-widget_type=\"thegem-styled-textbox.default\">\n\t\t\t\t<div class=\"elementor-widget-container\">\n\t\t\t\t\t\n<div class=\"gem-textbox styled-textbox-basic\">\n\n\t\n\t\t<div class=\"gem-textbox-top gem-textbox-top-none default-fill\">\n\t\t\t\t\t<\/div>\n\t\n\t<div class=\"gem-textbox-inner\">\n\n\t\t<div class=\"gem-textbox-content default-background\">\n\n\t\t\t\n\t\t\t<div class=\"gem-texbox-text-wrapper\">\n\n\t\t\t\t\t\t\t\t\t\n\t\t\t\t\t\t<h4 class=\"gem-textbox-title title-h4 bold\">\n\t\t\t\t\t\t\tPresentaci\u00f3n del grupo:\t\t\t\t\t\t<\/h4>\n\n\t\t\t\t\t\n\t\t\t\t\t\n\t\t\t\t\t\t<div class=\"gem-textbox-description gem-text-output\">\n\t\t\t\t\t\t\t<span><p dir=\"ltr\" style=\"line-height:1.38;text-align: justify;margin-top:6pt;margin-bottom:6pt\"><span><\/span><\/p><p dir=\"ltr\" style=\"line-height:1.38;text-align: justify;margin-top:6pt;margin-bottom:6pt\"><span id=\"docs-internal-guid-e5a38097-7fff-a7e4-d499-f27298b91ff7\"><span style=\"font-size: 11pt;font-family: Barlow, sans-serif;background-color: transparent;vertical-align: baseline\">El grupo de 2\u00ba a\u00f1o de la Escuela Secundaria T\u00e9cnica Dr. Pedro Funes, turno tarde, est\u00e1 conformado por 13 estudiantes.<\/span><\/span><\/p><\/span>\t\t\t\t\t\t<\/div>\n\n\t\t\t\t\t\n\t\t\t\t\n\t\t\t\t\n\t\t\t<\/div>\n\n\t\t<\/div>\n\n\t<\/div>\n\n\t\n\t\t<div class=\"gem-textbox-bottom gem-textbox-bottom-none default-fill\">\n\t\t\t\t<\/div>\n\t\n\t\n<\/div>\n\t\t\t\t<\/div>\n\t\t\t\t<\/div>\n\t\t\t\t<div class=\"elementor-element elementor-element-3984200 elementor-widget__width-initial flex-horizontal-align-default flex-horizontal-align-tablet-default flex-horizontal-align-mobile-default flex-vertical-align-default flex-vertical-align-tablet-default flex-vertical-align-mobile-default elementor-widget elementor-widget-thegem-styled-textbox\" data-id=\"3984200\" data-element_type=\"widget\" data-e-type=\"widget\" data-settings=\"{&quot;thegem_elementor_preset&quot;:&quot;basic&quot;}\" data-widget_type=\"thegem-styled-textbox.default\">\n\t\t\t\t<div class=\"elementor-widget-container\">\n\t\t\t\t\t\n<div class=\"gem-textbox styled-textbox-basic\">\n\n\t\n\t\t<div class=\"gem-textbox-top gem-textbox-top-none default-fill\">\n\t\t\t\t\t<\/div>\n\t\n\t<div class=\"gem-textbox-inner\">\n\n\t\t<div class=\"gem-textbox-content default-background\">\n\n\t\t\t\n\t\t\t<div class=\"gem-texbox-text-wrapper\">\n\n\t\t\t\t\t\t\t\t\t\n\t\t\t\t\t\t<h4 class=\"gem-textbox-title title-h4 bold\">\n\t\t\t\t\t\t\tEstudiantes del grupo:\t\t\t\t\t\t<\/h4>\n\n\t\t\t\t\t\n\t\t\t\t\t\n\t\t\t\t\t\t<div class=\"gem-textbox-description gem-text-output\">\n\t\t\t\t\t\t\t<ul><li dir=\"ltr\" style=\"line-height: 1.38;text-align: justify\" role=\"presentation\"><span style=\"font-size: 11pt;background-color: transparent;vertical-align: baseline\">Almada. Josefina Palmira<\/span><\/li><li dir=\"ltr\" style=\"line-height: 1.38;text-align: justify\" role=\"presentation\"><span style=\"font-size: 11pt;background-color: transparent;vertical-align: baseline\">Almada. Sofia Valentina<\/span><\/li><li dir=\"ltr\" style=\"line-height: 1.38;text-align: justify\" role=\"presentation\"><span style=\"font-size: 11pt;background-color: transparent;vertical-align: baseline\">Baez Ezequiel Ismael<\/span><\/li><li dir=\"ltr\" style=\"line-height: 1.38;text-align: justify\" role=\"presentation\"><span style=\"font-size: 11pt;background-color: transparent;vertical-align: baseline\">Cardozo. Jeronimo Victor<\/span><\/li><li dir=\"ltr\" style=\"line-height: 1.38;text-align: justify\" role=\"presentation\"><span style=\"font-size: 11pt;background-color: transparent;vertical-align: baseline\">Ceballos. Enzo Mart\u00edn<\/span><\/li><li dir=\"ltr\" style=\"line-height: 1.38;text-align: justify\" role=\"presentation\"><span style=\"font-size: 11pt;background-color: transparent;vertical-align: baseline\">Juarez Perez. Ulises Ariel<\/span><\/li><li dir=\"ltr\" style=\"line-height: 1.38;text-align: justify\" role=\"presentation\"><span style=\"font-size: 11pt;background-color: transparent;vertical-align: baseline\">Lorenzo. Franco David<\/span><\/li><li dir=\"ltr\" style=\"line-height: 1.38;text-align: justify\" role=\"presentation\"><span style=\"font-size: 11pt;background-color: transparent;vertical-align: baseline\">Martinez. Nicolas Alberto<\/span><\/li><li dir=\"ltr\" style=\"line-height: 1.38;text-align: justify\" role=\"presentation\"><span style=\"font-size: 11pt;background-color: transparent;vertical-align: baseline\">Molina. Eugenia Magali<\/span><\/li><li dir=\"ltr\" style=\"line-height: 1.38;text-align: justify\" role=\"presentation\"><span style=\"font-size: 11pt;background-color: transparent;vertical-align: baseline\">Perez Thiago Mart\u00edn<\/span><\/li><li dir=\"ltr\" style=\"line-height: 1.38;text-align: justify\" role=\"presentation\"><span style=\"font-size: 11pt;background-color: transparent;vertical-align: baseline\">Piedrabuena Laureano Yonatan<\/span><\/li><li dir=\"ltr\" style=\"line-height: 1.38;text-align: justify\" role=\"presentation\"><span style=\"font-size: 11pt;background-color: transparent;vertical-align: baseline\">Rodriguez Juan Jose<\/span><\/li><li dir=\"ltr\" style=\"line-height: 1.38;text-align: justify\" role=\"presentation\"><span style=\"font-size: 11pt;background-color: transparent;vertical-align: baseline\">Sequeira. Fabricio<\/span><\/li><\/ul><p>\u00a0<\/p>\t\t\t\t\t\t<\/div>\n\n\t\t\t\t\t\n\t\t\t\t\n\t\t\t\t\n\t\t\t<\/div>\n\n\t\t<\/div>\n\n\t<\/div>\n\n\t\n\t\t<div class=\"gem-textbox-bottom gem-textbox-bottom-none default-fill\">\n\t\t\t\t<\/div>\n\t\n\t\n<\/div>\n\t\t\t\t<\/div>\n\t\t\t\t<\/div>\n\t\t\t\t\t<\/div>\n\t\t<\/div>\n\t\t\t\t\t<\/div><\/div>\r\n\t\t<\/section>\r\n\t\t\t\t<section class=\"elementor-section elementor-top-section elementor-element elementor-element-d9a2e79 elementor-section-boxed elementor-section-height-default elementor-section-height-default\" data-id=\"d9a2e79\" data-element_type=\"section\" data-e-type=\"section\">\r\n\t\t\t\t\t\t<div class=\"elementor-container elementor-column-gap-thegem\"><div class=\"elementor-row\">\r\n\t\t\t\t\t<div class=\"elementor-column elementor-col-100 elementor-top-column elementor-element elementor-element-651ed0d\" data-id=\"651ed0d\" data-element_type=\"column\" data-e-type=\"column\">\n\t\t\t<div class=\"elementor-widget-wrap\">\n\t\t\t\t\t\t\t<\/div>\n\t\t<\/div>\n\t\t\t\t\t<\/div><\/div>\r\n\t\t<\/section>\r\n\t\t\t\t<section class=\"elementor-section elementor-top-section elementor-element elementor-element-871c6bd elementor-section-boxed elementor-section-height-default elementor-section-height-default\" data-id=\"871c6bd\" data-element_type=\"section\" data-e-type=\"section\">\r\n\t\t\t\t\t\t<div class=\"elementor-container elementor-column-gap-thegem\"><div class=\"elementor-row\">\r\n\t\t\t\t\t<div class=\"elementor-column elementor-col-50 elementor-top-column elementor-element elementor-element-ad42112\" data-id=\"ad42112\" data-element_type=\"column\" data-e-type=\"column\">\n\t\t\t<div class=\"elementor-widget-wrap elementor-element-populated\">\n\t\t\t\t\t\t<div class=\"elementor-element elementor-element-7a26edc flex-horizontal-align-default flex-horizontal-align-tablet-default flex-horizontal-align-mobile-default flex-vertical-align-default flex-vertical-align-tablet-default flex-vertical-align-mobile-default elementor-widget elementor-widget-image\" data-id=\"7a26edc\" data-element_type=\"widget\" data-e-type=\"widget\" data-widget_type=\"image.default\">\n\t\t\t\t<div class=\"elementor-widget-container\">\n\t\t\t\t\t\t\t\t\t\t\t\t\t\t\t<img fetchpriority=\"high\" width=\"1024\" height=\"768\" src=\"https:\/\/espacioseducativos.ar\/nueva\/wp-content\/uploads\/2025\/11\/WhatsApp-Image-2025-08-21-at-09.45.16-2-Espacios-Educativos-1024x768.jpeg\" class=\"attachment-large size-large wp-image-5840\" alt=\"\" srcset=\"https:\/\/espacioseducativos.ar\/nueva\/wp-content\/uploads\/2025\/11\/WhatsApp-Image-2025-08-21-at-09.45.16-2-Espacios-Educativos-1024x768.jpeg 1024w, https:\/\/espacioseducativos.ar\/nueva\/wp-content\/uploads\/2025\/11\/WhatsApp-Image-2025-08-21-at-09.45.16-2-Espacios-Educativos-300x225.jpeg 300w, https:\/\/espacioseducativos.ar\/nueva\/wp-content\/uploads\/2025\/11\/WhatsApp-Image-2025-08-21-at-09.45.16-2-Espacios-Educativos-768x576.jpeg 768w, https:\/\/espacioseducativos.ar\/nueva\/wp-content\/uploads\/2025\/11\/WhatsApp-Image-2025-08-21-at-09.45.16-2-Espacios-Educativos-1536x1152.jpeg 1536w, https:\/\/espacioseducativos.ar\/nueva\/wp-content\/uploads\/2025\/11\/WhatsApp-Image-2025-08-21-at-09.45.16-2-Espacios-Educativos.jpeg 1600w\" sizes=\"(max-width: 1024px) 100vw, 1024px\" \/>\t\t\t\t\t\t\t\t\t\t\t\t\t\t\t<\/div>\n\t\t\t\t<\/div>\n\t\t\t\t\t<\/div>\n\t\t<\/div>\n\t\t\t\t<div class=\"elementor-column elementor-col-50 elementor-top-column elementor-element elementor-element-c6432a0\" data-id=\"c6432a0\" data-element_type=\"column\" data-e-type=\"column\">\n\t\t\t<div class=\"elementor-widget-wrap elementor-element-populated\">\n\t\t\t\t\t\t<div class=\"elementor-element elementor-element-e293699 flex-horizontal-align-default flex-horizontal-align-tablet-default flex-horizontal-align-mobile-default flex-vertical-align-default flex-vertical-align-tablet-default flex-vertical-align-mobile-default elementor-widget elementor-widget-image\" data-id=\"e293699\" data-element_type=\"widget\" data-e-type=\"widget\" data-widget_type=\"image.default\">\n\t\t\t\t<div class=\"elementor-widget-container\">\n\t\t\t\t\t\t\t\t\t\t\t\t\t\t\t<img width=\"867\" height=\"652\" src=\"https:\/\/espacioseducativos.ar\/nueva\/wp-content\/uploads\/2025\/11\/Captura-de-pantalla-2025-11-06-115303.png\" class=\"attachment-large size-large wp-image-5844\" alt=\"\" srcset=\"https:\/\/espacioseducativos.ar\/nueva\/wp-content\/uploads\/2025\/11\/Captura-de-pantalla-2025-11-06-115303.png 867w, https:\/\/espacioseducativos.ar\/nueva\/wp-content\/uploads\/2025\/11\/Captura-de-pantalla-2025-11-06-115303-300x226.png 300w, https:\/\/espacioseducativos.ar\/nueva\/wp-content\/uploads\/2025\/11\/Captura-de-pantalla-2025-11-06-115303-768x578.png 768w\" sizes=\"(max-width: 867px) 100vw, 867px\" \/>\t\t\t\t\t\t\t\t\t\t\t\t\t\t\t<\/div>\n\t\t\t\t<\/div>\n\t\t\t\t\t<\/div>\n\t\t<\/div>\n\t\t\t\t\t<\/div><\/div>\r\n\t\t<\/section>\r\n\t\t\t\t<\/div>\n\t\t","protected":false},"excerpt":{"rendered":"<p>Datos del grupo: Curso: 2\u00b0 Divisi\u00f3n: C Docente: Alicia Nerina Ponce y Perla Danelone Directivos: Adriana Coll&nbsp; Escuela: EETP N\u00b0&#8230;<\/p>\n","protected":false},"author":2,"featured_media":0,"comment_status":"open","ping_status":"open","sticky":false,"template":"single-fullwidth.php","format":"standard","meta":{"footnotes":""},"categories":[1],"tags":[],"class_list":{"0":"post-5838","1":"post","2":"type-post","3":"status-publish","4":"format-standard","6":"category-sin-categoria"},"menu_order":0,"_links":{"self":[{"href":"https:\/\/espacioseducativos.ar\/nueva\/wp-json\/wp\/v2\/posts\/5838","targetHints":{"allow":["GET"]}}],"collection":[{"href":"https:\/\/espacioseducativos.ar\/nueva\/wp-json\/wp\/v2\/posts"}],"about":[{"href":"https:\/\/espacioseducativos.ar\/nueva\/wp-json\/wp\/v2\/types\/post"}],"author":[{"embeddable":true,"href":"https:\/\/espacioseducativos.ar\/nueva\/wp-json\/wp\/v2\/users\/2"}],"replies":[{"embeddable":true,"href":"https:\/\/espacioseducativos.ar\/nueva\/wp-json\/wp\/v2\/comments?post=5838"}],"version-history":[{"count":8,"href":"https:\/\/espacioseducativos.ar\/nueva\/wp-json\/wp\/v2\/posts\/5838\/revisions"}],"predecessor-version":[{"id":5909,"href":"https:\/\/espacioseducativos.ar\/nueva\/wp-json\/wp\/v2\/posts\/5838\/revisions\/5909"}],"wp:attachment":[{"href":"https:\/\/espacioseducativos.ar\/nueva\/wp-json\/wp\/v2\/media?parent=5838"}],"wp:term":[{"taxonomy":"category","embeddable":true,"href":"https:\/\/espacioseducativos.ar\/nueva\/wp-json\/wp\/v2\/categories?post=5838"},{"taxonomy":"post_tag","embeddable":true,"href":"https:\/\/espacioseducativos.ar\/nueva\/wp-json\/wp\/v2\/tags?post=5838"}],"curies":[{"name":"wp","href":"https:\/\/api.w.org\/{rel}","templated":true}]}}