{"id":5877,"date":"2025-11-06T15:37:23","date_gmt":"2025-11-06T15:37:23","guid":{"rendered":"https:\/\/espacioseducativos.ar\/nueva\/?p=5877"},"modified":"2025-11-06T17:42:25","modified_gmt":"2025-11-06T17:42:25","slug":"escuela-de-nivel-inicial-y-primario-unl","status":"publish","type":"post","link":"https:\/\/espacioseducativos.ar\/nueva\/escuela-de-nivel-inicial-y-primario-unl\/","title":{"rendered":"Escuela de Nivel inicial y primario UNL"},"content":{"rendered":"\t\t<div data-elementor-type=\"wp-post\" data-elementor-id=\"5877\" class=\"elementor elementor-5877\">\n\t\t\t\t\t\t<section class=\"elementor-section elementor-top-section elementor-element elementor-element-4cbed4f elementor-section-boxed elementor-section-height-default elementor-section-height-default\" data-id=\"4cbed4f\" data-element_type=\"section\" data-e-type=\"section\">\r\n\t\t\t\t\t\t<div class=\"elementor-container elementor-column-gap-thegem\"><div class=\"elementor-row\">\r\n\t\t\t\t\t<div class=\"elementor-column elementor-col-50 elementor-top-column elementor-element elementor-element-31aef7d\" data-id=\"31aef7d\" data-element_type=\"column\" data-e-type=\"column\">\n\t\t\t<div class=\"elementor-widget-wrap elementor-element-populated\">\n\t\t\t\t\t\t<div class=\"elementor-element elementor-element-e549aaf flex-horizontal-align-default flex-horizontal-align-tablet-default flex-horizontal-align-mobile-default flex-vertical-align-default flex-vertical-align-tablet-default flex-vertical-align-mobile-default elementor-widget elementor-widget-thegem-styled-textbox\" data-id=\"e549aaf\" data-element_type=\"widget\" data-e-type=\"widget\" data-settings=\"{&quot;thegem_elementor_preset&quot;:&quot;basic&quot;}\" data-widget_type=\"thegem-styled-textbox.default\">\n\t\t\t\t<div class=\"elementor-widget-container\">\n\t\t\t\t\t\n<div class=\"gem-textbox styled-textbox-basic\">\n\n\t\n\t\t<div class=\"gem-textbox-top gem-textbox-top-none default-fill\">\n\t\t\t\t\t<\/div>\n\t\n\t<div class=\"gem-textbox-inner\">\n\n\t\t<div class=\"gem-textbox-content default-background\">\n\n\t\t\t\n\t\t\t<div class=\"gem-texbox-text-wrapper\">\n\n\t\t\t\t\t\t\t\t\t\n\t\t\t\t\t\t<h4 class=\"gem-textbox-title title-h4 bold\">\n\t\t\t\t\t\t\tDatos del grupo:\t\t\t\t\t\t<\/h4>\n\n\t\t\t\t\t\n\t\t\t\t\t\n\t\t\t\t\t\t<div class=\"gem-textbox-description gem-text-output\">\n\t\t\t\t\t\t\t<span><p dir=\"ltr\" style=\"line-height:1.38;text-align: justify;margin-top:6pt;margin-bottom:6pt\"><span style=\"font-size:11pt;font-family:Barlow,sans-serif;color:#000000;background-color:transparent;font-weight:400;font-style:normal;font-variant:normal;text-decoration:none;vertical-align:baseline;white-space:pre;white-space:pre-wrap\">Curso: 5to&nbsp; grado<\/span><\/p><p dir=\"ltr\" style=\"line-height:1.38;text-align: justify;margin-top:6pt;margin-bottom:6pt\"><span style=\"font-size:11pt;font-family:Barlow,sans-serif;color:#000000;background-color:transparent;font-weight:400;font-style:normal;font-variant:normal;text-decoration:none;vertical-align:baseline;white-space:pre;white-space:pre-wrap\">Divisi\u00f3n: Ricardo Molinas&nbsp;<\/span><\/p><p dir=\"ltr\" style=\"line-height:1.38;text-align: justify;margin-top:6pt;margin-bottom:6pt\"><span style=\"font-size:11pt;font-family:Barlow,sans-serif;color:#000000;background-color:transparent;font-weight:400;font-style:normal;font-variant:normal;text-decoration:none;vertical-align:baseline;white-space:pre;white-space:pre-wrap\">Docente: Maria Elena Azerrad y Ver\u00f3nica Nasso<\/span><\/p><p dir=\"ltr\" style=\"line-height:1.38;text-align: justify;margin-top:6pt;margin-bottom:6pt\"><span style=\"font-size:11pt;font-family:Barlow,sans-serif;color:#000000;background-color:transparent;font-weight:400;font-style:normal;font-variant:normal;text-decoration:none;vertical-align:baseline;white-space:pre;white-space:pre-wrap\">Directivos: Dra. Corral, Laura. Mag. Mariana Velasco<\/span><\/p><p dir=\"ltr\" style=\"line-height:1.38;text-align: justify;margin-top:6pt;margin-bottom:6pt\"><span style=\"font-size:11pt;font-family:Barlow,sans-serif;color:#000000;background-color:transparent;font-weight:400;font-style:normal;font-variant:normal;text-decoration:none;vertical-align:baseline;white-space:pre;white-space:pre-wrap\">Escuela: Escuela de Nivel inicial y primario UNL<\/span><\/p><p dir=\"ltr\" style=\"line-height:1.38;text-align: justify;margin-top:6pt;margin-bottom:6pt\"><span id=\"docs-internal-guid-dcc1bc1b-7fff-1ea4-21a7-ffc5c2fb37ea\"><\/span><\/p><p dir=\"ltr\" style=\"line-height:1.38;text-align: justify;margin-top:6pt;margin-bottom:6pt\"><span style=\"font-size:11pt;font-family:Barlow,sans-serif;color:#000000;background-color:transparent;font-weight:400;font-style:normal;font-variant:normal;text-decoration:none;vertical-align:baseline;white-space:pre;white-space:pre-wrap\">Localidad: Santa Fe <\/span><\/p><\/span>\t\t\t\t\t\t<\/div>\n\n\t\t\t\t\t\n\t\t\t\t\n\t\t\t\t\n\t\t\t<\/div>\n\n\t\t<\/div>\n\n\t<\/div>\n\n\t\n\t\t<div class=\"gem-textbox-bottom gem-textbox-bottom-none default-fill\">\n\t\t\t\t<\/div>\n\t\n\t\n<\/div>\n\t\t\t\t<\/div>\n\t\t\t\t<\/div>\n\t\t\t\t<div class=\"elementor-element elementor-element-53bbe45 flex-horizontal-align-default flex-horizontal-align-tablet-default flex-horizontal-align-mobile-default flex-vertical-align-default flex-vertical-align-tablet-default flex-vertical-align-mobile-default elementor-widget elementor-widget-thegem-styled-textbox\" data-id=\"53bbe45\" data-element_type=\"widget\" data-e-type=\"widget\" data-settings=\"{&quot;thegem_elementor_preset&quot;:&quot;basic&quot;}\" data-widget_type=\"thegem-styled-textbox.default\">\n\t\t\t\t<div class=\"elementor-widget-container\">\n\t\t\t\t\t\n<div class=\"gem-textbox styled-textbox-basic\">\n\n\t\n\t\t<div class=\"gem-textbox-top gem-textbox-top-none default-fill\">\n\t\t\t\t\t<\/div>\n\t\n\t<div class=\"gem-textbox-inner\">\n\n\t\t<div class=\"gem-textbox-content default-background\">\n\n\t\t\t\n\t\t\t<div class=\"gem-texbox-text-wrapper\">\n\n\t\t\t\t\t\t\t\t\t\n\t\t\t\t\t\t<h4 class=\"gem-textbox-title title-h4 bold\">\n\t\t\t\t\t\t\tTrabajo del grupo:\t\t\t\t\t\t<\/h4>\n\n\t\t\t\t\t\n\t\t\t\t\t\n\t\t\t\t\t\t<div class=\"gem-textbox-description gem-text-output\">\n\t\t\t\t\t\t\t<p dir=\"ltr\" style=\"line-height: 1.38;text-align: justify;margin-top: 6pt;margin-bottom: 6pt\"><strong><span style=\"background-color: transparent;font-size: 11pt;font-family: Barlow, sans-serif;color: #000000;vertical-align: baseline\">Primera propuesta<\/span><\/strong><span style=\"background-color: transparent;font-size: 11pt;font-family: Barlow, sans-serif;color: #000000;vertical-align: baseline\"><strong>: <\/strong>A partir de un cuento, el grupo reflexion\u00f3 acerca de la violencia en la escuela, reconociendo que los comentarios negativos y las burlas funcionan como una mochila pesada en cada estudiante. Al final de la actividad, el grupo resolvi\u00f3 distintas maneras de aliviar esa carga emocional en los dem\u00e1s.\u00a0<\/span><\/p><p dir=\"ltr\" style=\"line-height: 1.38;text-align: justify;margin-top: 6pt;margin-bottom: 6pt\"><strong><span style=\"font-size: 11pt;font-family: Barlow, sans-serif;color: #000000;background-color: transparent;vertical-align: baseline\">Segunda propuesta<\/span><\/strong><span style=\"font-size: 11pt;font-family: Barlow, sans-serif;color: #000000;background-color: transparent;vertical-align: baseline\"><strong>:<\/strong> Los estudiantes pusieron en di\u00e1logo lo que entend\u00edan por conflictos y\u00a0 violencia, concluyendo en que las diferencias son el primer paso hacia una escucha activa y a una convivencia respetuosa en la diversidad.\u00a0\u00a0\u00a0<\/span><\/p><p dir=\"ltr\" style=\"line-height: 1.38;text-align: justify;margin-top: 6pt;margin-bottom: 6pt\"><strong><span style=\"font-size: 11pt;font-family: Barlow, sans-serif;color: #000000;background-color: transparent;vertical-align: baseline\">Tercera propuesta<\/span><\/strong><span style=\"font-size: 11pt;font-family: Barlow, sans-serif;color: #000000;background-color: transparent;vertical-align: baseline\"><strong>: <\/strong>Se present\u00f3 al grupo un problema que consist\u00eda en la demanda y necesidad, por parte de dos estudiantes, de una sola naranja. Este conflicto, visibiliza el aspecto cotidiano del conflicto y apuesta por una mirada m\u00e1s amable y generosa frente al individualismo tradicional.\u00a0\u00a0\u00a0\u00a0<\/span><\/p><p>\u00a0<\/p>\t\t\t\t\t\t<\/div>\n\n\t\t\t\t\t\n\t\t\t\t\n\t\t\t\t\n\t\t\t<\/div>\n\n\t\t<\/div>\n\n\t<\/div>\n\n\t\n\t\t<div class=\"gem-textbox-bottom gem-textbox-bottom-none default-fill\">\n\t\t\t\t<\/div>\n\t\n\t\n<\/div>\n\t\t\t\t<\/div>\n\t\t\t\t<\/div>\n\t\t\t\t\t<\/div>\n\t\t<\/div>\n\t\t\t\t<div class=\"elementor-column elementor-col-50 elementor-top-column elementor-element elementor-element-4c0a3d5\" data-id=\"4c0a3d5\" data-element_type=\"column\" data-e-type=\"column\">\n\t\t\t<div class=\"elementor-widget-wrap elementor-element-populated\">\n\t\t\t\t\t\t<div class=\"elementor-element elementor-element-5ee0a1f flex-horizontal-align-default flex-horizontal-align-tablet-default flex-horizontal-align-mobile-default flex-vertical-align-default flex-vertical-align-tablet-default flex-vertical-align-mobile-default elementor-widget elementor-widget-thegem-styled-textbox\" data-id=\"5ee0a1f\" data-element_type=\"widget\" data-e-type=\"widget\" data-settings=\"{&quot;thegem_elementor_preset&quot;:&quot;basic&quot;}\" data-widget_type=\"thegem-styled-textbox.default\">\n\t\t\t\t<div class=\"elementor-widget-container\">\n\t\t\t\t\t\n<div class=\"gem-textbox styled-textbox-basic\">\n\n\t\n\t\t<div class=\"gem-textbox-top gem-textbox-top-none default-fill\">\n\t\t\t\t\t<\/div>\n\t\n\t<div class=\"gem-textbox-inner\">\n\n\t\t<div class=\"gem-textbox-content default-background\">\n\n\t\t\t\n\t\t\t<div class=\"gem-texbox-text-wrapper\">\n\n\t\t\t\t\t\t\t\t\t\n\t\t\t\t\t\t<h4 class=\"gem-textbox-title title-h4 bold\">\n\t\t\t\t\t\t\tPresentaci\u00f3n del grupo:\t\t\t\t\t\t<\/h4>\n\n\t\t\t\t\t\n\t\t\t\t\t\n\t\t\t\t\t\t<div class=\"gem-textbox-description gem-text-output\">\n\t\t\t\t\t\t\t<p dir=\"ltr\" style=\"line-height: 1.38;text-align: justify;margin-top: 6pt;margin-bottom: 6pt\"><span style=\"font-size: 11pt;font-family: Barlow, sans-serif;color: #000000;background-color: transparent;vertical-align: baseline\">El grupo donde se llevaron a cabo las propuestas est\u00e1 compuesto por 24 ni\u00f1os\/as entre 10 y 11 a\u00f1os, es un 5to grado de primaria. En su mayor\u00eda se conocen desde el jard\u00edn materno, inclusive desde beb\u00e9s. Se trata de un grupo heterog\u00e9neo en cuanto a intereses y modos de aprender. No se observan ni\u00f1os\/as aislados en el trabajo \u00e1ulico, ni en los recreos. Todos\/as tiene un grupo de pertenencia de m\u00e1s o menos integrantes, sobre todo las ni\u00f1as que son menor cantidad en relaci\u00f3n al n\u00famero de ni\u00f1os.<\/span><\/p><p dir=\"ltr\" style=\"line-height: 1.38;text-align: justify;margin-top: 6pt;margin-bottom: 6pt\"><span style=\"font-size: 11pt;font-family: Barlow, sans-serif;color: #000000;background-color: transparent;vertical-align: baseline\">Est\u00e1n en una etapa en que prefieren jugar y compartir m\u00e1s momentos con los compa\u00f1eros\/as del mismo g\u00e9nero, pero se relacionan sin dificultad si deben hacerlo con todos \/as. La escuela presenta una jornada extendida por lo que est\u00e1n en la instituci\u00f3n 7 horas diarias, compartiendo en la misma el almuerzo.<\/span><\/p><p dir=\"ltr\" style=\"line-height: 1.38;text-align: justify;margin-top: 6pt;margin-bottom: 6pt\"><span style=\"font-size: 11pt;font-family: Barlow, sans-serif;color: #000000;background-color: transparent;vertical-align: baseline\">En general no han sido evidentes dificultades de convivencia; durante las propuestas pudieron ir contando momentos en los que no estuvieron c\u00f3modos\/as y los motivos por los que tuvieron esos sentimientos. Les agrada compartir vivencias y pueden contar situaciones agradables como tambi\u00e9n pedir ayuda cuando algo los perturba.<\/span><\/p><p>\u00a0<\/p><p dir=\"ltr\" style=\"line-height: 1.38;text-align: justify;margin-top: 6pt;margin-bottom: 6pt\">\u00a0<\/p><p>\u00a0<\/p>\t\t\t\t\t\t<\/div>\n\n\t\t\t\t\t\n\t\t\t\t\n\t\t\t\t\n\t\t\t<\/div>\n\n\t\t<\/div>\n\n\t<\/div>\n\n\t\n\t\t<div class=\"gem-textbox-bottom gem-textbox-bottom-none default-fill\">\n\t\t\t\t<\/div>\n\t\n\t\n<\/div>\n\t\t\t\t<\/div>\n\t\t\t\t<\/div>\n\t\t\t\t<div class=\"elementor-element elementor-element-3984200 elementor-widget__width-initial flex-horizontal-align-default flex-horizontal-align-tablet-default flex-horizontal-align-mobile-default flex-vertical-align-default flex-vertical-align-tablet-default flex-vertical-align-mobile-default elementor-widget elementor-widget-thegem-styled-textbox\" data-id=\"3984200\" data-element_type=\"widget\" data-e-type=\"widget\" data-settings=\"{&quot;thegem_elementor_preset&quot;:&quot;basic&quot;}\" data-widget_type=\"thegem-styled-textbox.default\">\n\t\t\t\t<div class=\"elementor-widget-container\">\n\t\t\t\t\t\n<div class=\"gem-textbox styled-textbox-basic\">\n\n\t\n\t\t<div class=\"gem-textbox-top gem-textbox-top-none default-fill\">\n\t\t\t\t\t<\/div>\n\t\n\t<div class=\"gem-textbox-inner\">\n\n\t\t<div class=\"gem-textbox-content default-background\">\n\n\t\t\t\n\t\t\t<div class=\"gem-texbox-text-wrapper\">\n\n\t\t\t\t\t\t\t\t\t\n\t\t\t\t\t\t<h4 class=\"gem-textbox-title title-h4 bold\">\n\t\t\t\t\t\t\tEstudiantes del grupo:\t\t\t\t\t\t<\/h4>\n\n\t\t\t\t\t\n\t\t\t\t\t\n\t\t\t\t\t\t<div class=\"gem-textbox-description gem-text-output\">\n\t\t\t\t\t\t\t<ul><li dir=\"ltr\" style=\"line-height: 1.38;text-align: justify\" role=\"presentation\"><span style=\"font-size: 11pt;background-color: transparent;vertical-align: baseline\">AM\u00c9ZAGA, I\u00f1aki<\/span><\/li><li dir=\"ltr\" style=\"line-height: 1.38;text-align: justify\" role=\"presentation\"><span style=\"font-size: 11pt;background-color: transparent;vertical-align: baseline\">ANSELMI, Francisco<\/span><\/li><li dir=\"ltr\" style=\"line-height: 1.38;text-align: justify\" role=\"presentation\"><span style=\"font-size: 11pt;background-color: transparent;vertical-align: baseline\">BRUNO, Geronimo Nicolas<\/span><\/li><li dir=\"ltr\" style=\"line-height: 1.38;text-align: justify\" role=\"presentation\"><span style=\"font-size: 11pt;background-color: transparent;vertical-align: baseline\">CECCAROSI, Mora P\u00eda Stefania<\/span><\/li><li dir=\"ltr\" style=\"line-height: 1.38;text-align: justify\" role=\"presentation\"><span style=\"font-size: 11pt;background-color: transparent;vertical-align: baseline\">DALL AGLIO, Renzo<\/span><\/li><li dir=\"ltr\" style=\"line-height: 1.38;text-align: justify\" role=\"presentation\"><span style=\"font-size: 11pt;background-color: transparent;vertical-align: baseline\">FASSINO, Mar\u00eda Agustina<\/span><\/li><li dir=\"ltr\" style=\"line-height: 1.38;text-align: justify\" role=\"presentation\"><span style=\"font-size: 11pt;background-color: transparent;vertical-align: baseline\">HADAD, Tom\u00e1s<\/span><\/li><li dir=\"ltr\" style=\"line-height: 1.38;text-align: justify\" role=\"presentation\"><span style=\"font-size: 11pt;background-color: transparent;vertical-align: baseline\">IPPOLITO, Mateo<\/span><\/li><li dir=\"ltr\" style=\"line-height: 1.38;text-align: justify\" role=\"presentation\"><span style=\"font-size: 11pt;background-color: transparent;vertical-align: baseline\">JEANNEY, Irina<\/span><\/li><li dir=\"ltr\" style=\"line-height: 1.38;text-align: justify\" role=\"presentation\"><span style=\"font-size: 11pt;background-color: transparent;vertical-align: baseline\">LOPEZ, Catalina Mar\u00eda<\/span><\/li><li dir=\"ltr\" style=\"line-height: 1.38;text-align: justify\" role=\"presentation\"><span style=\"font-size: 11pt;background-color: transparent;vertical-align: baseline\">PAEZ ESCALAS, Bianca Jazm\u00edn<\/span><\/li><li dir=\"ltr\" style=\"line-height: 1.38;text-align: justify\" role=\"presentation\"><span style=\"font-size: 11pt;background-color: transparent;vertical-align: baseline\">M\u00c9NDEZ, Augusto<\/span><\/li><li dir=\"ltr\" style=\"line-height: 1.38;text-align: justify\" role=\"presentation\"><span style=\"font-size: 11pt;background-color: transparent;vertical-align: baseline\">MERCANTI, Iv\u00e1n Ezequiel<\/span><\/li><li dir=\"ltr\" style=\"line-height: 1.38;text-align: justify\" role=\"presentation\"><span style=\"font-size: 11pt;background-color: transparent;vertical-align: baseline\">MOREYRA, Lautaro Felipe<\/span><\/li><li dir=\"ltr\" style=\"line-height: 1.38;text-align: justify\" role=\"presentation\"><span style=\"font-size: 11pt;background-color: transparent;vertical-align: baseline\">OGGERO CAPELLO, Mateo<\/span><\/li><li dir=\"ltr\" style=\"line-height: 1.38;text-align: justify\" role=\"presentation\"><span style=\"font-size: 11pt;background-color: transparent;vertical-align: baseline\">PONCE DE LE\u00d3N, Justo<\/span><\/li><li dir=\"ltr\" style=\"line-height: 1.38;text-align: justify\" role=\"presentation\"><span style=\"font-size: 11pt;background-color: transparent;vertical-align: baseline\">ROMERO, Ignacio<\/span><\/li><li dir=\"ltr\" style=\"line-height: 1.38;text-align: justify\" role=\"presentation\"><span style=\"font-size: 11pt;background-color: transparent;vertical-align: baseline\">SAMPALLO GAUNA, Benicio El\u00edas<\/span><\/li><li dir=\"ltr\" style=\"line-height: 1.38;text-align: justify\" role=\"presentation\"><span style=\"font-size: 11pt;background-color: transparent;vertical-align: baseline\">SCALI, Joaqu\u00edn<\/span><\/li><li dir=\"ltr\" style=\"line-height: 1.38;text-align: justify\" role=\"presentation\"><span style=\"font-size: 11pt;background-color: transparent;vertical-align: baseline\">SOTIL BIAGGINI, Maitena Luz<\/span><\/li><li dir=\"ltr\" style=\"line-height: 1.38;text-align: justify\" role=\"presentation\"><span style=\"font-size: 11pt;background-color: transparent;vertical-align: baseline\">STACHUZA, Guillermina<\/span><\/li><li dir=\"ltr\" style=\"line-height: 1.38;text-align: justify\" role=\"presentation\"><span style=\"font-size: 11pt;background-color: transparent;vertical-align: baseline\">VEIZAGA, Libertad<\/span><\/li><li dir=\"ltr\" style=\"line-height: 1.38;text-align: justify\" role=\"presentation\"><span style=\"font-size: 11pt;background-color: transparent;vertical-align: baseline\">ZAMARO, Jer\u00f3nimo Manuel<\/span><\/li><li dir=\"ltr\" style=\"line-height: 1.38;text-align: justify\" role=\"presentation\"><span style=\"font-size: 11pt;background-color: transparent;vertical-align: baseline\">ZURBRIGGEN, Venezia<\/span><\/li><\/ul>\t\t\t\t\t\t<\/div>\n\n\t\t\t\t\t\n\t\t\t\t\n\t\t\t\t\n\t\t\t<\/div>\n\n\t\t<\/div>\n\n\t<\/div>\n\n\t\n\t\t<div class=\"gem-textbox-bottom gem-textbox-bottom-none default-fill\">\n\t\t\t\t<\/div>\n\t\n\t\n<\/div>\n\t\t\t\t<\/div>\n\t\t\t\t<\/div>\n\t\t\t\t\t<\/div>\n\t\t<\/div>\n\t\t\t\t\t<\/div><\/div>\r\n\t\t<\/section>\r\n\t\t\t\t<section class=\"elementor-section elementor-top-section elementor-element elementor-element-b35bea2 elementor-section-boxed elementor-section-height-default elementor-section-height-default\" data-id=\"b35bea2\" data-element_type=\"section\" data-e-type=\"section\">\r\n\t\t\t\t\t\t<div class=\"elementor-container elementor-column-gap-thegem\"><div class=\"elementor-row\">\r\n\t\t\t\t\t<div class=\"elementor-column elementor-col-100 elementor-top-column elementor-element elementor-element-b07e5ae\" data-id=\"b07e5ae\" data-element_type=\"column\" data-e-type=\"column\">\n\t\t\t<div class=\"elementor-widget-wrap elementor-element-populated\">\n\t\t\t\t\t\t<div class=\"elementor-element elementor-element-6b6efad flex-horizontal-align-default flex-horizontal-align-tablet-default flex-horizontal-align-mobile-default flex-vertical-align-default flex-vertical-align-tablet-default flex-vertical-align-mobile-default elementor-widget elementor-widget-thegem-gallery-slider\" data-id=\"6b6efad\" data-element_type=\"widget\" data-e-type=\"widget\" data-settings=\"{&quot;icon_show&quot;:&quot;yes&quot;}\" data-widget_type=\"thegem-gallery-slider.default\">\n\t\t\t\t<div class=\"elementor-widget-container\">\n\t\t\t\t\t\n\t\t<div class=\"preloader\">\n\t\t\t<div class=\"preloader-spin\"><\/div>\n\t\t<\/div>\n\t\t<div class=\"gem-gallery gem-gallery-hover-default  \">\n\t\t\t\t\t\t\t\n<div class=\"gem-gallery-item\">\n\t<div class=\"gem-gallery-item-image\">\n\t\t<a href=\"https:\/\/espacioseducativos.ar\/nueva\/wp-content\/uploads\/2025\/11\/memorias-de-produccion.pptx-thegem-gallery-fullwidth.png\"\n\t\t\tdata-full-image-url=\"https:\/\/espacioseducativos.ar\/nueva\/wp-content\/uploads\/2025\/11\/memorias-de-produccion.pptx.png\"\n\t\t\tdata-elementor-open-lightbox=\"no\"\n\t\t\tdata-fancybox=\"gallery-69f32c0556e62\">\n\t\t\t<svg class=\"arrow-mark\" width=\"20\" height=\"10\">\n\t\t\t\t<path d=\"M 0,10 Q 9,9 10,0 Q 11,9 20,10\"\/>\n\t\t\t<\/svg>\n\t\t\t<img src=\"https:\/\/espacioseducativos.ar\/nueva\/wp-content\/uploads\/2025\/11\/memorias-de-produccion.pptx-thegem-post-thumb-small.png\"\n\t\t\t\t alt=\"memorias de producci\u00f3n.pptx\" class=\"img-responsive\">\n\t\t\t<span class=\"gem-gallery-caption slide-info\">\n\t\t\t\t<span class=\"gem-gallery-item-title \">\n\t\t\t\t\t\t\t\t\t<\/span>\n\t\t\t\t<span class=\"gem-gallery-item-description\">\n\t\t\t\t\t\t\t\t\t<\/span>\n\t\t\t<\/span>\n\t\t\t<i aria-hidden=\"true\" class=\"photo-icon fas fa-camera\"><\/i>\t\t\t\t\t<\/a>\n\t<\/div>\n<\/div>\n\n\t\t\t\t\t\t\t\t\t\t\t\n<div class=\"gem-gallery-item\">\n\t<div class=\"gem-gallery-item-image\">\n\t\t<a href=\"https:\/\/espacioseducativos.ar\/nueva\/wp-content\/uploads\/2025\/11\/memorias-de-produccion.pptx-1-thegem-gallery-fullwidth.png\"\n\t\t\tdata-full-image-url=\"https:\/\/espacioseducativos.ar\/nueva\/wp-content\/uploads\/2025\/11\/memorias-de-produccion.pptx-1.png\"\n\t\t\tdata-elementor-open-lightbox=\"no\"\n\t\t\tdata-fancybox=\"gallery-69f32c0556e62\">\n\t\t\t<svg class=\"arrow-mark\" width=\"20\" height=\"10\">\n\t\t\t\t<path d=\"M 0,10 Q 9,9 10,0 Q 11,9 20,10\"\/>\n\t\t\t<\/svg>\n\t\t\t<img src=\"https:\/\/espacioseducativos.ar\/nueva\/wp-content\/uploads\/2025\/11\/memorias-de-produccion.pptx-1-thegem-post-thumb-small.png\"\n\t\t\t\t alt=\"memorias de producci\u00f3n.pptx (1)\" class=\"img-responsive\">\n\t\t\t<span class=\"gem-gallery-caption slide-info\">\n\t\t\t\t<span class=\"gem-gallery-item-title \">\n\t\t\t\t\t\t\t\t\t<\/span>\n\t\t\t\t<span class=\"gem-gallery-item-description\">\n\t\t\t\t\t\t\t\t\t<\/span>\n\t\t\t<\/span>\n\t\t\t<i aria-hidden=\"true\" class=\"photo-icon fas fa-camera\"><\/i>\t\t\t\t\t<\/a>\n\t<\/div>\n<\/div>\n\n\t\t\t\t\t\t\t\t\t\t\t\n<div class=\"gem-gallery-item\">\n\t<div class=\"gem-gallery-item-image\">\n\t\t<a href=\"https:\/\/espacioseducativos.ar\/nueva\/wp-content\/uploads\/2025\/11\/memorias-de-produccion.pptx-2-thegem-gallery-fullwidth.png\"\n\t\t\tdata-full-image-url=\"https:\/\/espacioseducativos.ar\/nueva\/wp-content\/uploads\/2025\/11\/memorias-de-produccion.pptx-2.png\"\n\t\t\tdata-elementor-open-lightbox=\"no\"\n\t\t\tdata-fancybox=\"gallery-69f32c0556e62\">\n\t\t\t<svg class=\"arrow-mark\" width=\"20\" height=\"10\">\n\t\t\t\t<path d=\"M 0,10 Q 9,9 10,0 Q 11,9 20,10\"\/>\n\t\t\t<\/svg>\n\t\t\t<img src=\"https:\/\/espacioseducativos.ar\/nueva\/wp-content\/uploads\/2025\/11\/memorias-de-produccion.pptx-2-thegem-post-thumb-small.png\"\n\t\t\t\t alt=\"memorias de producci\u00f3n.pptx (2)\" class=\"img-responsive\">\n\t\t\t<span class=\"gem-gallery-caption slide-info\">\n\t\t\t\t<span class=\"gem-gallery-item-title \">\n\t\t\t\t\t\t\t\t\t<\/span>\n\t\t\t\t<span class=\"gem-gallery-item-description\">\n\t\t\t\t\t\t\t\t\t<\/span>\n\t\t\t<\/span>\n\t\t\t<i aria-hidden=\"true\" class=\"photo-icon fas fa-camera\"><\/i>\t\t\t\t\t<\/a>\n\t<\/div>\n<\/div>\n\n\t\t\t\t\t\t\t\t\t\t\t\n<div class=\"gem-gallery-item\">\n\t<div class=\"gem-gallery-item-image\">\n\t\t<a href=\"https:\/\/espacioseducativos.ar\/nueva\/wp-content\/uploads\/2025\/11\/memorias-de-produccion.pptx-3-thegem-gallery-fullwidth.png\"\n\t\t\tdata-full-image-url=\"https:\/\/espacioseducativos.ar\/nueva\/wp-content\/uploads\/2025\/11\/memorias-de-produccion.pptx-3.png\"\n\t\t\tdata-elementor-open-lightbox=\"no\"\n\t\t\tdata-fancybox=\"gallery-69f32c0556e62\">\n\t\t\t<svg class=\"arrow-mark\" width=\"20\" height=\"10\">\n\t\t\t\t<path d=\"M 0,10 Q 9,9 10,0 Q 11,9 20,10\"\/>\n\t\t\t<\/svg>\n\t\t\t<img src=\"https:\/\/espacioseducativos.ar\/nueva\/wp-content\/uploads\/2025\/11\/memorias-de-produccion.pptx-3-thegem-post-thumb-small.png\"\n\t\t\t\t alt=\"memorias de producci\u00f3n.pptx (3)\" class=\"img-responsive\">\n\t\t\t<span class=\"gem-gallery-caption slide-info\">\n\t\t\t\t<span class=\"gem-gallery-item-title \">\n\t\t\t\t\t\t\t\t\t<\/span>\n\t\t\t\t<span class=\"gem-gallery-item-description\">\n\t\t\t\t\t\t\t\t\t<\/span>\n\t\t\t<\/span>\n\t\t\t<i aria-hidden=\"true\" class=\"photo-icon fas fa-camera\"><\/i>\t\t\t\t\t<\/a>\n\t<\/div>\n<\/div>\n\n\t\t\t\t\t\t\t\t\t\t\t\n<div class=\"gem-gallery-item\">\n\t<div class=\"gem-gallery-item-image\">\n\t\t<a href=\"https:\/\/espacioseducativos.ar\/nueva\/wp-content\/uploads\/2025\/11\/memorias-de-produccion.pptx-4-thegem-gallery-fullwidth.png\"\n\t\t\tdata-full-image-url=\"https:\/\/espacioseducativos.ar\/nueva\/wp-content\/uploads\/2025\/11\/memorias-de-produccion.pptx-4.png\"\n\t\t\tdata-elementor-open-lightbox=\"no\"\n\t\t\tdata-fancybox=\"gallery-69f32c0556e62\">\n\t\t\t<svg class=\"arrow-mark\" width=\"20\" height=\"10\">\n\t\t\t\t<path d=\"M 0,10 Q 9,9 10,0 Q 11,9 20,10\"\/>\n\t\t\t<\/svg>\n\t\t\t<img src=\"https:\/\/espacioseducativos.ar\/nueva\/wp-content\/uploads\/2025\/11\/memorias-de-produccion.pptx-4-thegem-post-thumb-small.png\"\n\t\t\t\t alt=\"memorias de producci\u00f3n.pptx (4)\" class=\"img-responsive\">\n\t\t\t<span class=\"gem-gallery-caption slide-info\">\n\t\t\t\t<span class=\"gem-gallery-item-title \">\n\t\t\t\t\t\t\t\t\t<\/span>\n\t\t\t\t<span class=\"gem-gallery-item-description\">\n\t\t\t\t\t\t\t\t\t<\/span>\n\t\t\t<\/span>\n\t\t\t<i aria-hidden=\"true\" class=\"photo-icon fas fa-camera\"><\/i>\t\t\t\t\t<\/a>\n\t<\/div>\n<\/div>\n\n\t\t\t\t\t\t\t\t\t\t\t\n<div class=\"gem-gallery-item\">\n\t<div class=\"gem-gallery-item-image\">\n\t\t<a href=\"https:\/\/espacioseducativos.ar\/nueva\/wp-content\/uploads\/2025\/11\/memorias-de-produccion.pptx-5-thegem-gallery-fullwidth.png\"\n\t\t\tdata-full-image-url=\"https:\/\/espacioseducativos.ar\/nueva\/wp-content\/uploads\/2025\/11\/memorias-de-produccion.pptx-5.png\"\n\t\t\tdata-elementor-open-lightbox=\"no\"\n\t\t\tdata-fancybox=\"gallery-69f32c0556e62\">\n\t\t\t<svg class=\"arrow-mark\" width=\"20\" height=\"10\">\n\t\t\t\t<path d=\"M 0,10 Q 9,9 10,0 Q 11,9 20,10\"\/>\n\t\t\t<\/svg>\n\t\t\t<img src=\"https:\/\/espacioseducativos.ar\/nueva\/wp-content\/uploads\/2025\/11\/memorias-de-produccion.pptx-5-thegem-post-thumb-small.png\"\n\t\t\t\t alt=\"memorias de producci\u00f3n.pptx (5)\" class=\"img-responsive\">\n\t\t\t<span class=\"gem-gallery-caption slide-info\">\n\t\t\t\t<span class=\"gem-gallery-item-title \">\n\t\t\t\t\t\t\t\t\t<\/span>\n\t\t\t\t<span class=\"gem-gallery-item-description\">\n\t\t\t\t\t\t\t\t\t<\/span>\n\t\t\t<\/span>\n\t\t\t<i aria-hidden=\"true\" class=\"photo-icon fas fa-camera\"><\/i>\t\t\t\t\t<\/a>\n\t<\/div>\n<\/div>\n\n\t\t\t\t\t\t\t\t\t<\/div>\n\t\t\t\t\t\t<\/div>\n\t\t\t\t<\/div>\n\t\t\t\t\t<\/div>\n\t\t<\/div>\n\t\t\t\t\t<\/div><\/div>\r\n\t\t<\/section>\r\n\t\t\t\t<\/div>\n\t\t","protected":false},"excerpt":{"rendered":"<p>Datos del grupo: Curso: 5to&nbsp; grado Divisi\u00f3n: Ricardo Molinas&nbsp; Docente: Maria Elena Azerrad y Ver\u00f3nica Nasso Directivos: Dra. Corral, Laura&#8230;.<\/p>\n","protected":false},"author":2,"featured_media":0,"comment_status":"open","ping_status":"open","sticky":false,"template":"single-fullwidth.php","format":"standard","meta":{"footnotes":""},"categories":[1],"tags":[],"class_list":{"0":"post-5877","1":"post","2":"type-post","3":"status-publish","4":"format-standard","6":"category-sin-categoria"},"menu_order":0,"_links":{"self":[{"href":"https:\/\/espacioseducativos.ar\/nueva\/wp-json\/wp\/v2\/posts\/5877","targetHints":{"allow":["GET"]}}],"collection":[{"href":"https:\/\/espacioseducativos.ar\/nueva\/wp-json\/wp\/v2\/posts"}],"about":[{"href":"https:\/\/espacioseducativos.ar\/nueva\/wp-json\/wp\/v2\/types\/post"}],"author":[{"embeddable":true,"href":"https:\/\/espacioseducativos.ar\/nueva\/wp-json\/wp\/v2\/users\/2"}],"replies":[{"embeddable":true,"href":"https:\/\/espacioseducativos.ar\/nueva\/wp-json\/wp\/v2\/comments?post=5877"}],"version-history":[{"count":7,"href":"https:\/\/espacioseducativos.ar\/nueva\/wp-json\/wp\/v2\/posts\/5877\/revisions"}],"predecessor-version":[{"id":5914,"href":"https:\/\/espacioseducativos.ar\/nueva\/wp-json\/wp\/v2\/posts\/5877\/revisions\/5914"}],"wp:attachment":[{"href":"https:\/\/espacioseducativos.ar\/nueva\/wp-json\/wp\/v2\/media?parent=5877"}],"wp:term":[{"taxonomy":"category","embeddable":true,"href":"https:\/\/espacioseducativos.ar\/nueva\/wp-json\/wp\/v2\/categories?post=5877"},{"taxonomy":"post_tag","embeddable":true,"href":"https:\/\/espacioseducativos.ar\/nueva\/wp-json\/wp\/v2\/tags?post=5877"}],"curies":[{"name":"wp","href":"https:\/\/api.w.org\/{rel}","templated":true}]}}